{"id":224,"date":"2025-01-02T15:35:25","date_gmt":"2025-01-02T14:35:25","guid":{"rendered":"https:\/\/rejtettenunk.hu\/?p=224"},"modified":"2025-01-02T15:35:26","modified_gmt":"2025-01-02T14:35:26","slug":"2025-a-kilences-ev-energiaja","status":"publish","type":"post","link":"https:\/\/rejtettenunk.hu\/?p=224","title":{"rendered":"2025: A Kilences \u00c9v Energi\u00e1ja"},"content":{"rendered":"\n<p>Most, hogy v\u00e9get \u00e9rt az \u00fcnnepi id\u0151szak, szeretn\u00e9k n\u00e9h\u00e1ny sz\u00f3t sz\u00f3lni a 2025-\u00f6s \u00e9vr\u0151l. <\/p>\n\n\n\n<p>Miel\u0151tt azonban ebbe belev\u00e1gn\u00e9k, el\u0151sz\u00f6r is n\u00e9h\u00e1ny gondolat a 2024-es \u00e9vr\u0151l. 2024 sz\u00e1mjegyeit \u00f6sszeadva nyolcat kapunk, teh\u00e1t a tavalyi \u00e9vet a nyolcas sz\u00e1m energi\u00e1ja hatotta \u00e1t. A nyolcashoz kapcsol\u00f3dik a p\u00e9nz, siker, logika. Ha a Tarot lapokat n\u00e9zz\u00fck, akkor pedig az Igazs\u00e1g k\u00e1rty\u00e1ja t\u00e1rs\u00edthat\u00f3 hozz\u00e1. Uralkod\u00f3 bolyg\u00f3ja a Szaturnusz, amit a karma \u0151rek\u00e9nt is emlegetnek. M\u00e1r csak ez\u00e9rt is lehetett ez az \u00e9v nehezebb, hiszen a karmikus ad\u00f3ss\u00e1gok, feladatok meg\u00e9l\u00e9se okozhatott n\u00e9mi neh\u00e9zs\u00e9get. Ak\u00e1rmelyik min\u0151s\u00e9get n\u00e9zz\u00fck, egyik sem k\u00f6nny\u0171.<\/p>\n\n\n\n<p>Ahogy \u00edgy az \u00e9v v\u00e9gi \u00f6sszegz\u0151ket olvastam a facebookon, bizony sokan z\u00e1rtak neh\u00e9z \u00e9vet. <\/p>\n\n\n\n<h3 class=\"wp-block-heading\"><strong>Mit tartogat a 2025-\u00f6s \u00e9v?<\/strong><\/h3>\n\n\n<div class=\"wp-block-image\">\n<figure class=\"aligncenter size-full is-resized\"><img loading=\"lazy\" decoding=\"async\" width=\"940\" height=\"788\" src=\"https:\/\/rejtettenunk.hu\/wp-content\/uploads\/2025\/01\/re-9.jpg\" alt=\"2025\" class=\"wp-image-225\" style=\"width:648px;height:auto\" srcset=\"https:\/\/rejtettenunk.hu\/wp-content\/uploads\/2025\/01\/re-9.jpg 940w, https:\/\/rejtettenunk.hu\/wp-content\/uploads\/2025\/01\/re-9-300x251.jpg 300w, https:\/\/rejtettenunk.hu\/wp-content\/uploads\/2025\/01\/re-9-768x644.jpg 768w\" sizes=\"auto, (max-width: 940px) 100vw, 940px\" \/><\/figure>\n<\/div>\n\n\n<!--more-->\n\n\n\n<div style=\"height:30px\" aria-hidden=\"true\" class=\"wp-block-spacer\"><\/div>\n\n\n\n<p>2025 sz\u00e1mjegyeit \u00f6sszeadva kilencet kapunk, teh\u00e1t ezt az \u00e9vet a kilences sz\u00e1m rezg\u00e9se, energi\u00e1ja fogja \u00e1thatni. A kilences a teljess\u00e9g sz\u00e1ma, hiszen mag\u00e1ba foglalja az \u00f6sszes t\u00f6bbi sz\u00e1m energi\u00e1j\u00e1t, egyfajta lez\u00e1r\u00e1sk\u00e9nt is \u00e9rtelmezhet\u0151. A kilences sz\u00e1mhoz kapcsol\u00f3dik a b\u00f6lcsess\u00e9g, a felel\u0151ss\u00e9gv\u00e1llal\u00e1s, az elemz\u0151k\u00e9pess\u00e9g, a szolg\u00e1lat, a felt\u00e9tel n\u00e9lk\u00fcli szeretet, valamint a k\u00f6teless\u00e9gtudat. Tarotban a Remete lapja tartozik hozz\u00e1, ami szint\u00e9n a b\u00f6lcsess\u00e9get, tapasztal\u00e1son alapul\u00f3 tud\u00e1st \u00e9s a befel\u00e9 fordul\u00e1st szimboliz\u00e1lja. Ir\u00e1ny\u00edt\u00f3 bolyg\u00f3ja pedig a Mars, ami cselekv\u00e9sre \u00e9s tudatoss\u00e1gra \u00f6szt\u00f6n\u00f6z.<\/p>\n\n\n\n<div style=\"height:30px\" aria-hidden=\"true\" class=\"wp-block-spacer\"><\/div>\n\n\n\n<h3 class=\"wp-block-heading\"><strong>Mire lesz \u00e9rdemes figyelni 205-ben? Milyen leck\u00e9ket tartogathat ez az \u00e9v?<\/strong><\/h3>\n\n\n\n<ul class=\"wp-block-list\">\n<li><strong>Lez\u00e1r\u00e1s:<\/strong> \u00c9rdemes sz\u00e1mot vetni az elm\u00falt nyolc \u00e9v t\u00f6rt\u00e9n\u00e9seivel. Gondoljuk v\u00e9gig, melyek azok a dolgok, amelyeket itt az ideje elengedni vagy lez\u00e1rni.<\/li>\n\n\n\n<li><strong>\u00d6nzetlens\u00e9g, szolg\u00e1lat:<\/strong> Az \u00e9v energi\u00e1i az \u00f6nzetlen seg\u00edts\u00e9gny\u00fajt\u00e1s, a szolg\u00e1lat \u00e9s az emp\u00e1tia ir\u00e1ny\u00e1ba terelhetnek benn\u00fcnket. Pr\u00f3b\u00e1ljunk meg ezen gondolatok fel\u00e9 nyitni \u00e9s gyakoroljuk. Nem kell nagy dolgokra gondolni, egy apr\u00f3 gesztus vagy cselekedet is m\u00e1r sokat jelenthet m\u00e1snak.\u00a0<\/li>\n\n\n\n<li><strong>B\u00f6lcsess\u00e9g \u00e9s befel\u00e9 fordul\u00e1s:<\/strong> Fontos lehet az \u00f6nismeret fejleszt\u00e9se, az elm\u00falt tapasztalatok \u00e9rt\u00e9kel\u00e9se. Id\u00e9n k\u00fcl\u00f6n\u00f6sen l\u00e9nyeges, hogy id\u0151t sz\u00e1njunk magunkra \u00e9s a bels\u0151 vil\u00e1gunk felfedez\u00e9s\u00e9re. Az egyed\u00fcll\u00e9t ig\u00e9nye er\u0151s\u00f6dhet, ami term\u00e9szetes ebben az id\u0151szakban, ugyanakkor figyelj\u00fcnk az egyens\u00falyra, \u00e9s ne hanyagoljuk el a kapcsolatainkat sem.<\/li>\n\n\n\n<li><strong>Tudatoss\u00e1g \u00e9s tapasztalatok \u00f6sszegz\u00e9se:<\/strong> Az \u00e9v sor\u00e1n \u00e9rdemes a tapasztalatokat b\u00f6lcsen \u00f6sszegy\u0171jteni, \u00e9s ezekb\u0151l \u00e9p\u00edtkezni a j\u00f6v\u0151ben.<\/li>\n<\/ul>\n\n\n\n<div style=\"height:30px\" aria-hidden=\"true\" class=\"wp-block-spacer\"><\/div>\n\n\n\n<div class=\"wp-block-media-text is-stacked-on-mobile\"><figure class=\"wp-block-media-text__media\"><img loading=\"lazy\" decoding=\"async\" width=\"768\" height=\"1024\" src=\"https:\/\/rejtettenunk.hu\/wp-content\/uploads\/2025\/01\/20250101_103958-768x1024.jpg\" alt=\"2025\" class=\"wp-image-227 size-full\" srcset=\"https:\/\/rejtettenunk.hu\/wp-content\/uploads\/2025\/01\/20250101_103958-768x1024.jpg 768w, https:\/\/rejtettenunk.hu\/wp-content\/uploads\/2025\/01\/20250101_103958-225x300.jpg 225w, https:\/\/rejtettenunk.hu\/wp-content\/uploads\/2025\/01\/20250101_103958-1152x1536.jpg 1152w, https:\/\/rejtettenunk.hu\/wp-content\/uploads\/2025\/01\/20250101_103958-1536x2048.jpg 1536w, https:\/\/rejtettenunk.hu\/wp-content\/uploads\/2025\/01\/20250101_103958-1140x1520.jpg 1140w, https:\/\/rejtettenunk.hu\/wp-content\/uploads\/2025\/01\/20250101_103958-scaled.jpg 1920w\" sizes=\"auto, (max-width: 768px) 100vw, 768px\" \/><\/figure><div class=\"wp-block-media-text__content\">\n<p>\u00c9n magam 9-es karakter vagyok, ez\u00e9rt m\u00e1r nagyon v\u00e1rtam ezt az \u00e9vet. J\u00f3 jelnek vettem, hogy tegnap n\u00e1lunk havazott. Gy\u00f6ny\u00f6r\u0171, feh\u00e9r lett a t\u00e1j, ami gyorsan felid\u00e9zte bennem a feh\u00e9r sz\u00edn szimbolik\u00e1j\u00e1t: tisztas\u00e1got, \u00fcress\u00e9get, m\u00e9regtelen\u00edt\u00e9st, tiszt\u00e1n l\u00e1t\u00e1st \u00e9s \u0151szintes\u00e9get.<\/p>\n<\/div><\/div>\n\n\n\n<div style=\"height:30px\" aria-hidden=\"true\" class=\"wp-block-spacer\"><\/div>\n\n\n\n<h3 class=\"wp-block-heading\"><strong>\u00d6sszegz\u00e9s<\/strong><\/h3>\n\n\n\n<h6 class=\"wp-block-heading\">A fent felsoroltak mind a kilences sz\u00e1mhoz tartoznak, \u00e9s b\u00e1r ezekre helyez\u0151dik a hangs\u00faly, az ehhez sz\u00fcks\u00e9ges energi\u00e1t \u00e9s t\u00e1mogat\u00e1st meg is kapjuk. Nem lehet \u00e1ltal\u00e1nos, mindenkire igaz \u00e1ll\u00edt\u00e1sokat megfogalmazni, mert mindannyian m\u00e1sok vagyunk, \u00e9s elt\u00e9r\u0151 sz\u00fclet\u00e9si sz\u00e1maink k\u00fcl\u00f6nb\u00f6z\u0151 rezg\u00e9seket hordoznak, \u00e9s ezen rezg\u00e9seket is m\u00e1s szinten \u00e9lj\u00fck meg. Egy biztos: a 2025-\u00f6s \u00e9v a bels\u0151 munka \u00e9s az \u00f6sszegz\u00e9s id\u0151szaka lesz, amely nagyban hozz\u00e1j\u00e1rulhat a szem\u00e9lyes \u00e9s spiritu\u00e1lis fejl\u0151d\u00e9s\u00fcnkh\u00f6z.<\/h6>\n\n\n\n<p><\/p>\n","protected":false},"excerpt":{"rendered":"<p>Most, hogy v\u00e9get \u00e9rt az \u00fcnnepi id\u0151szak, szeretn\u00e9k n\u00e9h\u00e1ny sz\u00f3t sz\u00f3lni a 2025-\u00f6s \u00e9vr\u0151l. Miel\u0151tt azonban ebbe belev\u00e1gn\u00e9k, el\u0151sz\u00f6r is n\u00e9h\u00e1ny gondolat a 2024-es \u00e9vr\u0151l. 2024 sz\u00e1mjegyeit \u00f6sszeadva nyolcat kapunk, teh\u00e1t a tavalyi \u00e9vet a nyolcas sz\u00e1m energi\u00e1ja hatotta \u00e1t. A nyolcashoz kapcsol\u00f3dik a p\u00e9nz, siker, logika. Ha a Tarot lapokat n\u00e9zz\u00fck, akkor pedig az Igazs\u00e1g k\u00e1rty\u00e1ja t\u00e1rs\u00edthat\u00f3 hozz\u00e1. Uralkod\u00f3 bolyg\u00f3ja a Szaturnusz, amit a karma \u0151rek\u00e9nt is emlegetnek. M\u00e1r csak ez\u00e9rt is lehetett ez az \u00e9v nehezebb, hiszen a karmikus ad\u00f3ss\u00e1gok, feladatok meg\u00e9l\u00e9se okozhatott n\u00e9mi neh\u00e9zs\u00e9get. Ak\u00e1rmelyik min\u0151s\u00e9get n\u00e9zz\u00fck, egyik sem k\u00f6nny\u0171. Ahogy \u00edgy az \u00e9v v\u00e9gi \u00f6sszegz\u0151ket olvastam a facebookon, bizony sokan z\u00e1rtak neh\u00e9z \u00e9vet. Mit tartogat a 2025-\u00f6s \u00e9v?<\/p>\n","protected":false},"author":1,"featured_media":0,"comment_status":"open","ping_status":"open","sticky":false,"template":"","format":"standard","meta":{"_monsterinsights_skip_tracking":false,"_monsterinsights_sitenote_active":false,"_monsterinsights_sitenote_note":"","_monsterinsights_sitenote_category":0,"footnotes":""},"categories":[5],"tags":[22,6,11,21],"class_list":["post-224","post","type-post","status-publish","format-standard","hentry","category-blog","tag-22","tag-blog","tag-onismeret","tag-szammisztika"],"aioseo_notices":[],"_links":{"self":[{"href":"https:\/\/rejtettenunk.hu\/index.php?rest_route=\/wp\/v2\/posts\/224","targetHints":{"allow":["GET"]}}],"collection":[{"href":"https:\/\/rejtettenunk.hu\/index.php?rest_route=\/wp\/v2\/posts"}],"about":[{"href":"https:\/\/rejtettenunk.hu\/index.php?rest_route=\/wp\/v2\/types\/post"}],"author":[{"embeddable":true,"href":"https:\/\/rejtettenunk.hu\/index.php?rest_route=\/wp\/v2\/users\/1"}],"replies":[{"embeddable":true,"href":"https:\/\/rejtettenunk.hu\/index.php?rest_route=%2Fwp%2Fv2%2Fcomments&post=224"}],"version-history":[{"count":4,"href":"https:\/\/rejtettenunk.hu\/index.php?rest_route=\/wp\/v2\/posts\/224\/revisions"}],"predecessor-version":[{"id":230,"href":"https:\/\/rejtettenunk.hu\/index.php?rest_route=\/wp\/v2\/posts\/224\/revisions\/230"}],"wp:attachment":[{"href":"https:\/\/rejtettenunk.hu\/index.php?rest_route=%2Fwp%2Fv2%2Fmedia&parent=224"}],"wp:term":[{"taxonomy":"category","embeddable":true,"href":"https:\/\/rejtettenunk.hu\/index.php?rest_route=%2Fwp%2Fv2%2Fcategories&post=224"},{"taxonomy":"post_tag","embeddable":true,"href":"https:\/\/rejtettenunk.hu\/index.php?rest_route=%2Fwp%2Fv2%2Ftags&post=224"}],"curies":[{"name":"wp","href":"https:\/\/api.w.org\/{rel}","templated":true}]}}