{"id":313,"date":"2025-02-10T16:30:48","date_gmt":"2025-02-10T15:30:48","guid":{"rendered":"https:\/\/rejtettenunk.hu\/?p=313"},"modified":"2025-02-10T18:04:24","modified_gmt":"2025-02-10T17:04:24","slug":"bantalmazas","status":"publish","type":"post","link":"https:\/\/rejtettenunk.hu\/?p=313","title":{"rendered":"B\u00e1ntalmaz\u00e1s"},"content":{"rendered":"\n<p><\/p>\n\n\n\n<p>A b\u00e1ntalmaz\u00e1s hat\u00e1sai sokkal messzebbre ny\u00falnak, mint azt sokan gondolj\u00e1k. Gyakran \u00e9rezz\u00fck, hogy nem vagyunk el\u00e9g j\u00f3k, \u00e9s nem \u00e9rdeml\u00fcnk tiszteletet vagy szeretetet. Elvesz\u00edtj\u00fck a bizalmat m\u00e1sokban, vagy t\u00falzott ragaszkod\u00e1sunkkal v\u00e1lunk terhess\u00e9 m\u00e1sok sz\u00e1m\u00e1ra. Az \u00e9rz\u00e9seink t\u00fal er\u0151ss\u00e9 v\u00e1lnak, vagy \u00e9pp teljesen elfojtjuk \u0151ket, \u00e9s sz\u00e9ls\u0151s\u00e9gesen nyilv\u00e1nulunk meg. A j\u00f6v\u0151be vetett hit\u00fcnk is meginog. Neh\u00e9z hinni a boldogs\u00e1gban, ha a m\u00falt \u00e1lland\u00f3an visszah\u00faz.<\/p>\n\n\n\n<p>Fontos meg\u00e9rteni, hogy b\u00e1r a b\u00e1ntalmaz\u00e1s hat\u00e1sai nagyon m\u00e9lyek lehetnek, van lehet\u0151s\u00e9g a gy\u00f3gyul\u00e1sra. <\/p>\n\n\n\n<p>Az \u00f6nismeret, a seg\u00edts\u00e9gk\u00e9r\u00e9s \u00e9s a t\u00e1mogat\u00e1s mind hozz\u00e1j\u00e1rulhatnak a pozit\u00edv v\u00e1ltoz\u00e1shoz.<\/p>\n\n\n\n<figure class=\"wp-block-image size-large\"><img loading=\"lazy\" decoding=\"async\" width=\"1024\" height=\"576\" src=\"https:\/\/rejtettenunk.hu\/wp-content\/uploads\/2025\/02\/Kapcsolatok-Webhely-3-1024x576.jpg\" alt=\"b\u00e1ntalmaz\u00e1s\" class=\"wp-image-336\" srcset=\"https:\/\/rejtettenunk.hu\/wp-content\/uploads\/2025\/02\/Kapcsolatok-Webhely-3-1024x576.jpg 1024w, https:\/\/rejtettenunk.hu\/wp-content\/uploads\/2025\/02\/Kapcsolatok-Webhely-3-300x169.jpg 300w, https:\/\/rejtettenunk.hu\/wp-content\/uploads\/2025\/02\/Kapcsolatok-Webhely-3-768x432.jpg 768w, https:\/\/rejtettenunk.hu\/wp-content\/uploads\/2025\/02\/Kapcsolatok-Webhely-3-1140x641.jpg 1140w, https:\/\/rejtettenunk.hu\/wp-content\/uploads\/2025\/02\/Kapcsolatok-Webhely-3.jpg 1366w\" sizes=\"auto, (max-width: 1024px) 100vw, 1024px\" \/><\/figure>\n\n\n\n<div style=\"height:40px\" aria-hidden=\"true\" class=\"wp-block-spacer\"><\/div>\n\n\n\n<!--more-->\n\n\n\n<h3 class=\"wp-block-heading\">Mi a b\u00e1ntalmaz\u00e1s?<\/h3>\n\n\n\n<p>A b\u00e1ntalmaz\u00e1s olyan viselked\u00e9s, amely sor\u00e1n egy szem\u00e9ly vagy csoport sz\u00e1nd\u00e9kosan \u00e1rt egy m\u00e1sik szem\u00e9lynek vagy csoportnak. A b\u00e1ntalmaz\u00e1s lehet fizikai, \u00e9rzelmi, szexu\u00e1lis vagy gazdas\u00e1gi jelleg\u0171, \u00e9s c\u00e9lja az \u00e1ldozat felett \u00e9rzett hatalom \u00e9s kontroll megszerz\u00e9se, valamint fenntart\u00e1sa. Az ilyen t\u00edpus\u00fa \u00e1rt\u00e1snak m\u00e9ly \u00e9s tart\u00f3s hat\u00e1sa lehet az \u00e1ldozatra, \u00e9s gyakran hossz\u00fa t\u00e1v\u00fa k\u00f6vetkezm\u00e9nyekkel j\u00e1r.<\/p>\n\n\n\n<h6 class=\"wp-block-heading\">B\u00e1ntalmaz\u00e1s form\u00e1i:<\/h6>\n\n\n\n<p>A b\u00e1ntalmaz\u00e1s t\u00f6bbf\u00e9le form\u00e1ban nyilv\u00e1nulhat meg, \u00e9s nem minden esetben k\u00f6nny\u0171 azokat \u00e9lesen elv\u00e1lasztani egym\u00e1st\u00f3l. N\u00e9h\u00e1ny gyakori t\u00edpus:<\/p>\n\n\n\n<p><strong>1. Sz\u00f3beli\/verb\u00e1lis b\u00e1ntalmaz\u00e1s\/lelki terror<\/strong><\/p>\n\n\n\n<p>Ide tartozik a folyamatos megal\u00e1z\u00e1s, kritik\u00e1k, manipul\u00e1ci\u00f3, \u00e9s a m\u00e1sik f\u00e9l val\u00f3s\u00e1g\u00e9rz\u00e9k\u00e9nek eltorz\u00edt\u00e1sa (gaslighting), manipulat\u00edv b\u0171ntudatkelt\u00e9s, ignor\u00e1l\u00e1s (semmibe v\u00e9tel), fenyeget\u00e9s, megf\u00e9leml\u00edt\u00e9s, zsarol\u00e1s, zaklat\u00e1s, f\u00e9lt\u00e9kenys\u00e9g, elszigetel\u00e9s, ellen\u0151rizget\u00e9s, kedvenc t\u00e1rgyak \u00f6sszet\u00f6r\u00e9se, h\u00e1zi kedvencek \u201eb\u00fcntet\u00e9sb\u0151l\u201d val\u00f3 megk\u00ednz\u00e1sa.<\/p>\n\n\n\n<p><strong>2. Fizikai\/testi b\u00e1ntalmaz\u00e1s<\/strong><\/p>\n\n\n\n<p>Ide tartozik mindenf\u00e9le fizikai er\u0151szak, mint \u00fct\u00e9s, r\u00fag\u00e1s, fojtogat\u00e1s, lefog\u00e1s, szor\u00edt\u00e1s, l\u00f6kd\u00f6s\u00e9s, ver\u00e9s, lek\u00f6p\u00e9s, harap\u00e1s, k\u00ednz\u00e1s, szabad mozg\u00e1s korl\u00e1toz\u00e1sa, emberi sz\u00fcks\u00e9gletek megvon\u00e1sa (alv\u00e1s, ev\u00e9s-iv\u00e1s, tiszt\u00e1lkod\u00e1s, gy\u00f3gyszerek bev\u00e9tele vagy azok tilt\u00e1sa) elhanyagol\u00e1s stb.<\/p>\n\n\n\n<p><strong>3. Szexu\u00e1lis b\u00e1ntalmaz\u00e1s<\/strong><\/p>\n\n\n\n<p>Ide tartozik az \u00e1ldozat szexu\u00e1lis zaklat\u00e1sa, er\u0151szakol\u00e1sa vagy m\u00e1s szexu\u00e1lis cselekedetekre k\u00e9nyszer\u00edt\u00e9se. Nemi er\u0151szak, szex kik\u00e9nyszer\u00edt\u00e9se (akarat ellen\u00e9re kier\u0151szakolt testhelyzet\/p\u00f3z, m\u00f3d \u00e9s\/vagy st\u00edlus), fogamz\u00e1sg\u00e1tl\u00e1s m\u00f3dj\u00e1nak k\u00e9nyszer\u00edt\u00e9se (fogamz\u00e1sg\u00e1tl\u00f3 tablett\u00e1k szed\u00e9s\u00e9re, illetve egy\u00e9b fogamz\u00e1sg\u00e1tl\u00f3 szerek haszn\u00e1lat\u00e1ra val\u00f3 r\u00e1b\u00edr\u00e1s vagy azok megtilt\u00e1sa, \u00f3vszerhaszn\u00e1lat megtagad\u00e1sa k\u00e9nyelmi indokokra hivatkozva), sz\u00fcl\u00e9szeti er\u0151szak (traumatikus, t\u00e1rgyias\u00edtott sz\u00fcl\u00e9s), n\u0151gy\u00f3gy\u00e1szati er\u0151szak (pl. megal\u00e1z\u00f3, b\u00e1nt\u00f3 vizsg\u00e1lati magatart\u00e1s)<\/p>\n\n\n\n<p><strong>4. Gazdas\u00e1gi\/anyagi b\u00e1ntalmaz\u00e1s<\/strong><\/p>\n\n\n\n<p>Ide tartozik az \u00e1ldozat p\u00e9nz\u00fcgyi f\u00fcgg\u0151s\u00e9g\u00e9nek fenntart\u00e1sa, p\u00e9nz\u00e9nek kontroll\u00e1l\u00e1sa vagy munk\u00e1j\u00e1nak akad\u00e1lyoz\u00e1sa. Anyagi f\u00fcgg\u00e9sben tart\u00e1s, anyagi javak \u00f6nhatalm\u00fa elv\u00e9tele, kicsal\u00e1sa \u00e9s bitorl\u00e1sa, anyagi kihaszn\u00e1l\u00e1s.<\/p>\n\n\n\n<div style=\"height:30px\" aria-hidden=\"true\" class=\"wp-block-spacer\"><\/div>\n\n\n\n<h1 class=\"wp-block-heading\">A b\u00e1ntalmaz\u00e1s hat\u00e1sai<\/h1>\n\n\n\n<p>A b\u00e1ntalmaz\u00e1s egy s\u00falyos probl\u00e9ma, amely m\u00e9lyrehat\u00f3 \u00e9s tart\u00f3s hat\u00e1st gyakorolhat az \u00e1ldozatok \u00e9let\u00e9re.&nbsp;<\/p>\n\n\n<div class=\"wp-block-image\">\n<figure class=\"aligncenter size-large is-resized\"><img loading=\"lazy\" decoding=\"async\" width=\"1024\" height=\"576\" src=\"https:\/\/rejtettenunk.hu\/wp-content\/uploads\/2025\/02\/Kapcsolatok-Webhely-1-1024x576.jpg\" alt=\"b\u00e1ntalmaz\u00e1s hat\u00e1sai\" class=\"wp-image-317\" style=\"width:633px;height:auto\" srcset=\"https:\/\/rejtettenunk.hu\/wp-content\/uploads\/2025\/02\/Kapcsolatok-Webhely-1-1024x576.jpg 1024w, https:\/\/rejtettenunk.hu\/wp-content\/uploads\/2025\/02\/Kapcsolatok-Webhely-1-300x169.jpg 300w, https:\/\/rejtettenunk.hu\/wp-content\/uploads\/2025\/02\/Kapcsolatok-Webhely-1-768x432.jpg 768w, https:\/\/rejtettenunk.hu\/wp-content\/uploads\/2025\/02\/Kapcsolatok-Webhely-1-1140x641.jpg 1140w, https:\/\/rejtettenunk.hu\/wp-content\/uploads\/2025\/02\/Kapcsolatok-Webhely-1.jpg 1366w\" sizes=\"auto, (max-width: 1024px) 100vw, 1024px\" \/><\/figure>\n<\/div>\n\n\n<div style=\"height:30px\" aria-hidden=\"true\" class=\"wp-block-spacer\"><\/div>\n\n\n\n<ol class=\"wp-block-list\">\n<li>Kapcsolatok\n<ul class=\"wp-block-list\">\n<li><strong>Bizalomveszt\u00e9s: <\/strong>A b\u00e1ntalmaz\u00e1s egyik legpuszt\u00edt\u00f3bb hat\u00e1sa a bizalom elveszt\u00e9se. Az \u00e1ldozatok nehezen b\u00edznak meg m\u00e1sokban, ami miatt k\u00e9ptelenek eg\u00e9szs\u00e9ges, bizalommal teli kapcsolatokat kialak\u00edtani.<\/li>\n\n\n\n<li><strong>F\u00e9lelem a sebezhet\u0151s\u00e9gt\u0151l:<\/strong> Az \u00e1ldozatok gyakran f\u00e9lnek megny\u00edlni m\u00e1sok el\u0151tt, mivel a b\u00e1ntalmaz\u00f3 kihaszn\u00e1lta a gyenges\u00e9geiket. Ez megnehez\u00edti sz\u00e1mukra, hogy m\u00e9ly \u00e9s intim kapcsolatokat alak\u00edtsanak ki.<\/li>\n\n\n\n<li><strong>Vonz\u00f3d\u00e1s b\u00e1ntalmaz\u00f3 partnerekhez:<\/strong> A b\u00e1ntalmaz\u00e1s \u00e1ldozatai gyakran vonz\u00f3dnak olyan partnerekhez, akik szint\u00e9n b\u00e1ntalmaz\u00f3ak. Ennek oka lehet az alacsony \u00f6nbecs\u00fcl\u00e9s, a rem\u00e9ny, hogy megv\u00e1ltoztathatj\u00e1k a b\u00e1ntalmaz\u00f3t, vagy a b\u00e1ntalmaz\u00e1s normaliz\u00e1l\u00e1sa.&nbsp;<\/li>\n<\/ul>\n<\/li>\n<\/ol>\n\n\n\n<ol start=\"2\" class=\"wp-block-list\">\n<li>\u00d6nbecs\u00fcl\u00e9s\n<ul class=\"wp-block-list\">\n<li><strong>\u00c9rt\u00e9ktelens\u00e9g \u00e9rz\u00e9se\/alacsony \u00f6n\u00e9rt\u00e9kel\u00e9s: <\/strong>Az \u00e9rt\u00e9ktelens\u00e9g \u00e9rz\u00e9se a b\u00e1ntalmaz\u00e1s egyik legm\u00e9lyebb \u00e9s leghosszabb t\u00e1v\u00fa k\u00f6vetkezm\u00e9nye. Az \u00e1ldozat \u00fagy \u00e9rezheti, hogy nem \u00e9rdemli meg a szeretetet vagy a tiszteletet. Mivel a b\u00e1ntalmaz\u00f3 folyamatosan elmondja neki, hogy semmire sem j\u00f3, nem k\u00e9pes semmit el\u00e9rni, az \u00e1ldozat kezd elhinni, hogy val\u00f3ban \u00e9rt\u00e9ktelen.&nbsp;A folyamatos negat\u00edv visszajelz\u00e9sek, a verb\u00e1lis b\u00e1ntalmaz\u00e1s, a kritik\u00e1k \u00e9s az \u00e9rt\u00e9ktelens\u00e9gre utal\u00f3 megjegyz\u00e9sek hat\u00e1s\u00e1ra az \u00e1ldozatok elkezdhetik k\u00e9ts\u00e9gbe vonni saj\u00e1t \u00e9rt\u00e9k\u00fcket. Ez az \u00e9rz\u00e9s fokozatosan alacsony \u00f6n\u00e9rt\u00e9kel\u00e9shez vezethet.<strong>&nbsp;<\/strong><\/li>\n\n\n\n<li><strong>\u00d6nbizalomhi\u00e1ny:<\/strong> A b\u00e1ntalmaz\u00e1s al\u00e1\u00e1ssa az \u00e1ldozat \u00f6nbizalm\u00e1t, k\u00fcl\u00f6n\u00f6sen, ha folyamatosan ki vannak t\u00e9ve kritik\u00e1knak \u00e9s megal\u00e1ztat\u00e1soknak. Az \u00e1ldozat f\u00e9lni kezd a hib\u00e1z\u00e1st\u00f3l, a meg\u00edt\u00e9l\u00e9st\u0151l \u00e9s a kudarct\u00f3l. A b\u00e1ntalmaz\u00e1s hat\u00e1s\u00e1ra az \u00e1ldozat m\u00e1r nem hisz a saj\u00e1t k\u00e9pess\u00e9geiben, nem mer \u00faj dolgokat kipr\u00f3b\u00e1lni, \u00e9s gyakran elker\u00fcli a kih\u00edv\u00e1sokat. A b\u00e1ntalmaz\u00f3 gyakran manipul\u00e1lja \u0151ket \u00fagy, hogy elhiggy\u00e9k, nem k\u00e9pesek semmire, \u00edgy azok nem pr\u00f3b\u00e1lnak meg ki\u00e1llni maguk\u00e9rt vagy v\u00e1ltoztatni a helyzet\u00fck\u00f6n.<\/li>\n<\/ul>\n<\/li>\n<\/ol>\n\n\n\n<ol start=\"3\" class=\"wp-block-list\">\n<li>Kontroll \n<ul class=\"wp-block-list\">\n<li><strong>Auton\u00f3mia elveszt\u00e9se:<\/strong> A b\u00e1ntalmaz\u00e1s gyakran megfosztja az \u00e1ldozatokat az \u00e9let\u00fck feletti kontrollt\u00f3l.&nbsp;<\/li>\n\n\n\n<li><strong>D\u00f6nt\u00e9sk\u00e9ptelens\u00e9g: <\/strong>A b\u00e1ntalmaz\u00e1s \u00e1ldozatai gyakran v\u00e1lnak d\u00f6nt\u00e9sk\u00e9ptelenn\u00e9. A b\u00e1ntalmaz\u00f3 ir\u00e1ny\u00edt\u00e1sa \u00e9s manipul\u00e1ci\u00f3ja miatt az \u00e1ldozat elhiszi, hogy nem k\u00e9pes helyes d\u00f6nt\u00e9seket hozni, \u00e9s ez a hossz\u00fa t\u00e1v\u00fa hat\u00e1s a mindennapi \u00e9let\u00fckben, a munkahelyen \u00e9s a szem\u00e9lyes kapcsolatokban is jelentkezhet.<\/li>\n\n\n\n<li><strong>Tehetetlens\u00e9g:<\/strong> A b\u00e1ntalmaz\u00e1s \u00e1ldozatai gyakran \u00e9rzik magukat tehetetlennek \u00e9s kiszolg\u00e1ltatottnak. A b\u00e1ntalmaz\u00f3 hatalma \u00e9s kontrollja miatt az \u00e1ldozatok \u00fagy \u00e9rzik, hogy nem tudnak tenni semmit a helyzet\u00fck megv\u00e1ltoztat\u00e1s\u00e1ra \u00e9s kiszolg\u00e1ltatottak a b\u00e1ntalmaz\u00f3nak.<\/li>\n<\/ul>\n<\/li>\n<\/ol>\n\n\n\n<ol start=\"4\" class=\"wp-block-list\">\n<li>\u00c9rzelmi \u00e1llapot\n<ul class=\"wp-block-list\">\n<li><strong>Szorong\u00e1s:<\/strong> Az \u00e1ldozatok folyamatosan f\u00e9lnek a b\u00e1ntalmaz\u00f3t\u00f3l, a kritik\u00e1t\u00f3l \u00e9s a b\u00fcntet\u00e9st\u0151l. Ez az \u00e1lland\u00f3 f\u00e9lelem megnehez\u00edti a mindennapi \u00e9letet. A szorong\u00e1s a b\u00e1ntalmaz\u00e1st k\u00f6vet\u0151en is hossz\u00fa ideig fennmaradhat.&nbsp;<\/li>\n\n\n\n<li><strong>F\u00e9lelem: <\/strong>A b\u00e1ntalmaz\u00e1s \u00e1ldozatai gyakran \u00e9lnek f\u00e9lelemben. A f\u00e9lelem oka lehet a b\u00e1ntalmaz\u00f3 kisz\u00e1m\u00edthatatlan viselked\u00e9se, a fizikai er\u0151szak lehet\u0151s\u00e9ge vagy a fenyeget\u00e9sek. A b\u00e1ntalmaz\u00e1s \u00e1ldozatai sz\u00e1m\u00e1ra a f\u00e9lelem, hogy ism\u00e9t b\u00e1ntalmaz\u00e1s \u00e1ldozataiv\u00e1 v\u00e1lnak mindennapos lehet, \u00e9s ak\u00e1r a j\u00f6v\u0151beli kapcsolataikban is korl\u00e1tozhatja \u0151ket.<\/li>\n\n\n\n<li><strong>D\u00fch:<\/strong> A b\u00e1ntalmaz\u00e1s \u00e1ldozatai gyakran \u00e9reznek d\u00fch\u00f6t a b\u00e1ntalmaz\u00f3 ir\u00e1nt. A d\u00fch oka lehet az igazs\u00e1gtalans\u00e1g, a f\u00e1jdalom \u00e9s a megal\u00e1ztat\u00e1s. De d\u00fch\u00f6t \u00e9rezhetnek ak\u00e1r saj\u00e1t magukkal szemben, ami\u00e9rt nem tudtak megszabadulni a b\u00e1ntalmaz\u00f3t\u00f3l vagy k\u00f6rnyezet\u00fckkel szemben, ami\u00e9rt nem kaptak seg\u00edts\u00e9get, amikor k\u00e9rtek vagy azok szemethunytak a b\u00e1ntalmaz\u00f3 tettei felett. Ez a d\u00fch hossz\u00fa ideig megmaradhat, \u00e9s nehez\u00edtheti az \u00e1ldozat sz\u00e1m\u00e1ra a tov\u00e1bbl\u00e9p\u00e9st.<\/li>\n\n\n\n<li><strong>Szomor\u00fas\u00e1g \u00e9s depresszi\u00f3: <\/strong>A b\u00e1ntalmaz\u00e1s sor\u00e1n \u00e9s azt k\u00f6vet\u0151en is gyakran jelentkezik a depresszi\u00f3, a szomor\u00fas\u00e1g \u00e9s kil\u00e1t\u00e1stalans\u00e1g \u00e9rz\u00e9se. Az \u00e1ldozatok hossz\u00fa ideig \u00e9rezhetik \u00fagy, hogy nem \u00e9rdemes \u00e9lni\u00fck, hogy nincs rem\u00e9ny\u00fck a j\u00f6v\u0151re.&nbsp;<\/li>\n\n\n\n<li><strong>B\u0171ntudat:<\/strong> Az \u00e1ldozatok gyakran \u00e9reznek b\u0171ntudatot, mivel azt gondolj\u00e1k, hogy \u0151k valami\u00e9rt \u201emeg\u00e9rdemelt\u00e9k\u201d a b\u00e1ntalmaz\u00e1st, vagy nem tettek meg mindent a helyzet\u00fck jav\u00edt\u00e1s\u00e1\u00e9rt.&nbsp; A b\u0171ntudat oka lehet m\u00e9g a b\u00e1ntalmaz\u00f3 manipul\u00e1ci\u00f3ja, vagy a t\u00e1rsadalmi stigma is.<\/li>\n<\/ul>\n<\/li>\n<\/ol>\n\n\n\n<ol start=\"5\" class=\"wp-block-list\">\n<li>Testi eg\u00e9szs\u00e9g\n<ul class=\"wp-block-list\">\n<li><strong>Alv\u00e1szavarok:<\/strong>&nbsp; A b\u00e1ntalmaz\u00e1s ut\u00e1n az alv\u00e1szavarok hossz\u00fa ideig fenn\u00e1llhatnak m\u00e9g, mivel az \u00e1ldozatok \u00e9vek m\u00falva is k\u00fczdhetnek r\u00e9m\u00e1lmokkal, p\u00e1nikrohamokkal \u00e9s \u00e9jszakai \u00e9bred\u00e9sekkel.&nbsp;<\/li>\n\n\n\n<li><strong>\u00c9tkez\u00e9si probl\u00e9m\u00e1k: <\/strong>Az \u00e9tkez\u00e9si probl\u00e9m\u00e1k, mint az \u00e9tv\u00e1gytalans\u00e1g vagy \u00e9ppen a t\u00falev\u00e9s, gyakran megmaradnak a b\u00e1ntalmaz\u00e1st k\u00f6vet\u0151en is. Az \u00e9tkez\u00e9si rendelleness\u00e9gek, mint p\u00e9ld\u00e1ul bulimia vagy anorexia, sok esetben az \u00f6n\u00e9rt\u00e9kel\u00e9si probl\u00e9m\u00e1k k\u00f6vetkezm\u00e9nyek\u00e9nt alakulnak ki.<\/li>\n\n\n\n<li><strong>Fejf\u00e1j\u00e1s \u00e9s gyomorpanaszok:<\/strong> A b\u00e1ntalmaz\u00e1s sor\u00e1n \u00e9s azt k\u00f6vet\u0151en is gyakran el\u0151fordulnak fejf\u00e1j\u00e1sok, migr\u00e9nes rohamok, valamint gyomorpanaszok, mint hasmen\u00e9s vagy h\u00e1nyinger. A folyamatos stressz \u00e9s szorong\u00e1s hat\u00e1s\u00e1ra ezek a testi t\u00fcnetek tart\u00f3san jelen lehetnek.<\/li>\n<\/ul>\n<\/li>\n<\/ol>\n\n\n\n<ul start=\"3\" class=\"wp-block-list\">\n<li><\/li>\n<\/ul>\n\n\n\n<div style=\"height:30px\" aria-hidden=\"true\" class=\"wp-block-spacer\"><\/div>\n\n\n\n<h2 class=\"wp-block-heading\">Mit tehet\u00fcnk?<\/h2>\n\n\n\n<div class=\"wp-block-media-text is-stacked-on-mobile\"><figure class=\"wp-block-media-text__media\"><img loading=\"lazy\" decoding=\"async\" width=\"1024\" height=\"576\" src=\"https:\/\/rejtettenunk.hu\/wp-content\/uploads\/2025\/02\/2-2-1024x576.jpg\" alt=\"\" class=\"wp-image-318 size-full\" srcset=\"https:\/\/rejtettenunk.hu\/wp-content\/uploads\/2025\/02\/2-2-1024x576.jpg 1024w, https:\/\/rejtettenunk.hu\/wp-content\/uploads\/2025\/02\/2-2-300x169.jpg 300w, https:\/\/rejtettenunk.hu\/wp-content\/uploads\/2025\/02\/2-2-768x432.jpg 768w, https:\/\/rejtettenunk.hu\/wp-content\/uploads\/2025\/02\/2-2-1140x641.jpg 1140w, https:\/\/rejtettenunk.hu\/wp-content\/uploads\/2025\/02\/2-2.jpg 1366w\" sizes=\"auto, (max-width: 1024px) 100vw, 1024px\" \/><\/figure><div class=\"wp-block-media-text__content\">\n<p>Ha b\u00e1ntalmaz\u00e1s \u00e1ldozat\u00e1v\u00e1 v\u00e1lunk, vagy egy k\u00f6rnyezet\u00fcnkben \u00e9l\u0151 szem\u00e9ly szenved t\u0151le, az al\u00e1bbi l\u00e9p\u00e9seket tehetj\u00fck<\/p>\n<\/div><\/div>\n\n\n\n<div style=\"height:30px\" aria-hidden=\"true\" class=\"wp-block-spacer\"><\/div>\n\n\n\n<h3 class=\"wp-block-heading\">1. Seg\u00edts\u00e9gk\u00e9r\u00e9s<\/h3>\n\n\n\n<p>Az els\u0151 l\u00e9p\u00e9s lehet egy biztons\u00e1gos szem\u00e9ly (bar\u00e1t, csal\u00e1dtag, koll\u00e9ga) felkeres\u00e9se, aki meghallgat \u00e9s t\u00e1mogat. Fontos, hogy olyan ember legyen, aki nem \u00edt\u00e9lkezik \u00e9s komolyan veszi az \u00e1ldozat \u00e9rz\u00e9seit.<\/p>\n\n\n\n<h3 class=\"wp-block-heading\">2. Szervezetek \u00e9s szakemberek bevon\u00e1sa<\/h3>\n\n\n\n<p>Ha a helyzet s\u00falyos, \u00e9rdemes szakemberhez fordulni mint rend\u0151rs\u00e9g, kr\u00edzis k\u00f6zpontok, seg\u00e9lyvonalak, \u00fcgyv\u00e9d, pszichol\u00f3gus, szoci\u00e1lis munk\u00e1s, \u00fcgyv\u00e9d, akik konkr\u00e9t tan\u00e1csokat \u00e9s t\u00e1mogat\u00e1st ny\u00fajthatnak.<\/p>\n\n\n\n<ul class=\"wp-block-list\">\n<li><strong><a href=\"https:\/\/nane.hu\/\" target=\"_blank\" rel=\"noopener\" title=\"\">NANE Egyes\u00fclet (N\u0151k a N\u0151k\u00e9rt Egy\u00fctt az Er\u0151szak Ellen) <\/a><\/strong><\/li>\n\n\n\n<li><strong><a href=\"https:\/\/www.patent.org.hu\/\" target=\"_blank\" rel=\"noopener\" title=\"\">PATENT Egyes\u00fclet<\/a><\/strong><\/li>\n\n\n\n<li><strong><a href=\"https:\/\/okit.hu\/\" target=\"_blank\" rel=\"noopener\" title=\"\">OKIT (Orsz\u00e1gos Kr\u00edziskezel\u0151 \u00e9s Inform\u00e1ci\u00f3s Telefonszolg\u00e1lat)<\/a><\/strong><\/li>\n<\/ul>\n\n\n\n<h3 class=\"wp-block-heading\">3. Gy\u00f3gyul\u00e1s \u00e9s tov\u00e1bbl\u00e9p\u00e9s<\/h3>\n\n\n\n<p>A gy\u00f3gyul\u00e1s egy hossz\u00fa, de lehets\u00e9ges folyamat. A megfelel\u0151 szakemberek \u00e9s t\u00e1mogat\u00f3 k\u00f6zeg seg\u00edthet visszanyerni a bizalmat \u00e9s az \u00f6n\u00e9rt\u00e9kel\u00e9st.<\/p>\n\n\n\n<ul class=\"wp-block-list\">\n<li><strong>Ter\u00e1pia \u00e9s ment\u00e1lhigi\u00e9n\u00e9s t\u00e1mogat\u00e1s<\/strong>: A trauma feldolgoz\u00e1sa egy\u00e9ni ter\u00e1pi\u00e1ban vagy t\u00e1mogat\u00f3 csoportok seg\u00edts\u00e9g\u00e9vel hat\u00e9konyabb lehet. A szakember seg\u00edthet az \u00f6n\u00e9rt\u00e9kel\u00e9s helyre\u00e1ll\u00edt\u00e1s\u00e1ban, a b\u00e1ntalmaz\u00e1s ut\u00f3hat\u00e1sainak kezel\u00e9s\u00e9ben \u00e9s az eg\u00e9szs\u00e9ges kapcsolati mint\u00e1k kialak\u00edt\u00e1s\u00e1ban.<\/li>\n\n\n\n<li><strong>\u00d6ngondoskod\u00e1s<\/strong>: Fontos a fizikai \u00e9s lelki regener\u00e1ci\u00f3 t\u00e1mogat\u00e1sa. Az alv\u00e1s, a kiegyens\u00falyozott t\u00e1pl\u00e1lkoz\u00e1s, a mozg\u00e1s \u00e9s a stresszkezel\u00e9si technik\u00e1k (p\u00e9ld\u00e1ul medit\u00e1ci\u00f3, napl\u00f3\u00edr\u00e1s) seg\u00edthetnek a gy\u00f3gyul\u00e1sban.<\/li>\n\n\n\n<li><strong>\u00daj kapcsolatok ki\u00e9p\u00edt\u00e9se<\/strong>: A b\u00e1ntalmaz\u00e1s gyakran bizalmatlans\u00e1ghoz vezet, ez\u00e9rt fontos olyan emberekkel k\u00f6r\u00fclvenni magunkat, akik t\u00e1mogat\u00f3k \u00e9s tiszteletben tartj\u00e1k a hat\u00e1rainkat.<\/li>\n\n\n\n<li><strong>Jogaink \u00e9s lehet\u0151s\u00e9geink megismer\u00e9se<\/strong>: A b\u00e1ntalmaz\u00e1sb\u00f3l val\u00f3 kil\u00e9p\u00e9s sor\u00e1n fontos tiszt\u00e1ban lenni a jogi lehet\u0151s\u00e9gekkel, p\u00e9ld\u00e1ul a t\u00e1voltart\u00e1si v\u00e9gz\u00e9ssel, seg\u00e9lyekkel \u00e9s jogi tan\u00e1csad\u00e1ssal.<\/li>\n<\/ul>\n\n\n\n<div style=\"height:30px\" aria-hidden=\"true\" class=\"wp-block-spacer\"><\/div>\n\n\n\n<h2 class=\"wp-block-heading\">Mit tehet\u00fcnk, ha nem ismerj\u00fck fel, hogy b\u00e1ntalmaz\u00e1s \u00e1ldozatai vagyunk?<\/h2>\n\n\n<div class=\"wp-block-image\">\n<figure class=\"aligncenter size-full is-resized\"><img loading=\"lazy\" decoding=\"async\" width=\"918\" height=\"588\" src=\"https:\/\/rejtettenunk.hu\/wp-content\/uploads\/2025\/02\/4-4.jpg\" alt=\"\" class=\"wp-image-327\" style=\"width:618px;height:auto\" srcset=\"https:\/\/rejtettenunk.hu\/wp-content\/uploads\/2025\/02\/4-4.jpg 918w, https:\/\/rejtettenunk.hu\/wp-content\/uploads\/2025\/02\/4-4-300x192.jpg 300w, https:\/\/rejtettenunk.hu\/wp-content\/uploads\/2025\/02\/4-4-768x492.jpg 768w\" sizes=\"auto, (max-width: 918px) 100vw, 918px\" \/><\/figure>\n<\/div>\n\n\n<ul class=\"wp-block-list\">\n<li><strong>Ne bagatelliz\u00e1ljuk a probl\u00e9m\u00e1t<\/strong>: Ha \u00fagy \u00e9rezz\u00fck, hogy valami nem stimmel a kapcsolatainkban, ne bagatelliz\u00e1ljuk a probl\u00e9m\u00e1t. Ne mondjuk azt, hogy &#8222;ez csak velem van \u00edgy&#8221;, vagy &#8222;mindenki veszekszik a p\u00e1rj\u00e1val&#8221;. A b\u00e1ntalmaz\u00e1s nem norm\u00e1lis jelens\u00e9g, \u00e9s nem szabad elfogadni.<\/li>\n\n\n\n<li><strong>Olvassunk ut\u00e1na<\/strong>: Min\u00e9l t\u00f6bbet olvasunk a b\u00e1ntalmaz\u00e1sr\u00f3l, ann\u00e1l jobban meg\u00e9rthetj\u00fck, hogy milyen form\u00e1i l\u00e9teznek, \u00e9s milyen jelei lehetnek. Ez seg\u00edthet felismerni, ha mi magunk is b\u00e1ntalmaz\u00e1s \u00e1ldozatai vagyunk.<\/li>\n\n\n\n<li><strong>Figyelj\u00fcnk a jelekre<\/strong>: Vannak bizonyos jelek, amelyek arra utalhatnak, hogy b\u00e1ntalmaz\u00e1s \u00e1ldozatai vagyunk. Ilyen lehet a szorong\u00e1s, a f\u00e9lelem, a depresszi\u00f3, az alv\u00e1szavarok, az \u00e9tkez\u00e9si probl\u00e9m\u00e1k, a fejf\u00e1j\u00e1s, a gyomorpanaszok, az \u00f6nbizalomhi\u00e1ny, a d\u00f6nt\u00e9sk\u00e9ptelens\u00e9g, a tehetetlens\u00e9g \u00e9rz\u00e9se, a b\u0171ntudat, a szomor\u00fas\u00e1g, a d\u00fch, az izol\u00e1ci\u00f3. Ezeknek a t\u00fcneteknek persze t\u00f6bb oka is lehet, de ha tart\u00f3san fenn\u00e1llnak, \u00e9rdemes elgondolkodni azon, hogy milyen hat\u00e1sok \u00e9rnek benn\u00fcnket, \u00e9s sz\u00fcks\u00e9g eset\u00e9n seg\u00edts\u00e9get k\u00e9rni.<\/li>\n\n\n\n<li><strong>K\u00e9rdezz\u00fck meg a bar\u00e1tainkat, csal\u00e1dtagjainkat<\/strong>: Ha bizonytalanok vagyunk, \u00e9rdemes megk\u00e9rdezni bar\u00e1tainkat vagy olyan embereket, akikben megb\u00edzunk, hogyan l\u00e1tj\u00e1k a kapcsolatainkat. Fontos azonban figyelembe venni, hogy nem minden csal\u00e1dtag vagy k\u00f6zeli ismer\u0151s lesz t\u00e1mogat\u00f3 \u2013 el\u0151fordulhat, hogy a b\u00e1ntalmaz\u00f3 mell\u00e9 \u00e1llnak, bagatelliz\u00e1lj\u00e1k a helyzetet, vagy nem veszik komolyan az aggodalmainkat. Ilyenkor k\u00fcl\u00f6n\u00f6sen fontos, hogy olyan szem\u00e9lyekhez forduljunk, akik val\u00f3ban meghallgatnak \u00e9s seg\u00edteni akarnak, ak\u00e1r szakemberekhez is.<\/li>\n\n\n\n<li><strong>Keress\u00fcnk fel egy szakembert<\/strong>: Ha \u00fagy \u00e9rezz\u00fck, hogy valami nincs rendben, keress\u00fcnk fel egy szakembert, p\u00e9ld\u00e1ul egy terapeut\u00e1t vagy egy pszichol\u00f3gust. A szakember seg\u00edthet felt\u00e1rni a b\u00e1ntalmaz\u00e1st, \u00e9s seg\u00edthet feldolgozni a traum\u00e1t.<\/li>\n<\/ul>\n\n\n\n<div style=\"height:30px\" aria-hidden=\"true\" class=\"wp-block-spacer\"><\/div>\n\n\n\n<h1 class=\"wp-block-heading\">Mit tehet\u00fcnk, ha valaki m\u00e1s nem ismeri fel, hogy b\u00e1ntalmaz\u00e1s \u00e1ldozata?<\/h1>\n\n\n<div class=\"wp-block-image\">\n<figure class=\"aligncenter size-full is-resized\"><img loading=\"lazy\" decoding=\"async\" width=\"898\" height=\"608\" src=\"https:\/\/rejtettenunk.hu\/wp-content\/uploads\/2025\/02\/9-2.jpg\" alt=\"\" class=\"wp-image-325\" style=\"width:274px;height:auto\" srcset=\"https:\/\/rejtettenunk.hu\/wp-content\/uploads\/2025\/02\/9-2.jpg 898w, https:\/\/rejtettenunk.hu\/wp-content\/uploads\/2025\/02\/9-2-300x203.jpg 300w, https:\/\/rejtettenunk.hu\/wp-content\/uploads\/2025\/02\/9-2-768x520.jpg 768w\" sizes=\"auto, (max-width: 898px) 100vw, 898px\" \/><figcaption class=\"wp-element-caption\">seg\u00edts\u00e9g ny\u00fajt\u00e1s<\/figcaption><\/figure>\n<\/div>\n\n\n<ul class=\"wp-block-list\">\n<li><strong>\u00d3vatosan k\u00f6zel\u00edts\u00fck meg a t\u00e9m\u00e1t<\/strong>: Ha \u00fagy l\u00e1tjuk, hogy valaki b\u00e1ntalmaz\u00e1s \u00e1ldozata lehet, de \u0151 maga nem ismeri fel ezt, \u00f3vatosan k\u00f6zel\u00edts\u00fck meg a t\u00e9m\u00e1t. Ne v\u00e1doljuk a b\u00e1ntalmaz\u00f3t, hanem pr\u00f3b\u00e1ljuk meg meg\u00e9rtetni az \u00e1ldozattal, hogy milyen jelei vannak a b\u00e1ntalmaz\u00e1snak.<\/li>\n\n\n\n<li><strong>Biztos\u00edtsuk az \u00e1ldozatot a t\u00e1mogat\u00e1sunkr\u00f3l<\/strong>: Fontos, hogy biztos\u00edtsuk az \u00e1ldozatot arr\u00f3l, hogy hisz\u00fcnk neki, \u00e9s hogy mellette \u00e1llunk. Biztassuk, hogy keressen seg\u00edts\u00e9get.<\/li>\n\n\n\n<li><strong>Aj\u00e1nljunk seg\u00edts\u00e9get<\/strong>: Aj\u00e1nljunk seg\u00edts\u00e9get az \u00e1ldozatnak. Keress\u00fcnk egy\u00fctt egy szakembert vagy egy szervezetet, amely foglalkozik b\u00e1ntalmaz\u00e1ssal.<\/li>\n\n\n\n<li><strong>Ne \u00edt\u00e9lkezz\u00fcnk<\/strong>: Ne \u00edt\u00e9lkezz\u00fcnk az \u00e1ldozat felett. Ne k\u00e9rdezz\u00fck, hogy &#8222;mi\u00e9rt nem hagyja el a b\u00e1ntalmaz\u00f3t?&#8221;. A b\u00e1ntalmaz\u00e1s \u00e1ldozatai gyakran f\u00fcggenek a b\u00e1ntalmaz\u00f3t\u00f3l, \u00e9s nehezen tudnak kil\u00e9pni a kapcsolatb\u00f3l.<\/li>\n\n\n\n<li><strong>Legy\u00fcnk t\u00fcrelmesek \u00e9s kitart\u00f3ak:<\/strong> A b\u00e1ntalmaz\u00e1s \u00e1ldozatai sokszor bizonytalanok, f\u00e9lnek a v\u00e1ltoz\u00e1st\u00f3l, vagy nem \u00e9rzik magukat el\u00e9g er\u0151snek ahhoz, hogy l\u00e9p\u00e9seket tegyenek. Fontos, hogy ne er\u0151ltess\u00fcnk r\u00e1juk semmit, de mindig biztos\u00edtsuk \u0151ket arr\u00f3l, hogy nem maradnak egyed\u00fcl. Lehet, hogy t\u00f6bbsz\u00f6r is besz\u00e9lni kell a t\u00e9m\u00e1r\u00f3l, \u00e9s hossz\u00fa id\u0151be telhet, mire k\u00e9szen \u00e1llnak a seg\u00edts\u00e9g elfogad\u00e1s\u00e1ra. A t\u00fcrelm\u00fcnk \u00e9s folyamatos t\u00e1mogat\u00e1sunk kulcsfontoss\u00e1g\u00fa lehet a kil\u00e9p\u00e9s \u00e9s a gy\u00f3gyul\u00e1s folyamat\u00e1ban.<\/li>\n<\/ul>\n\n\n\n<div style=\"height:30px\" aria-hidden=\"true\" class=\"wp-block-spacer\"><\/div>\n\n\n\n<h1 class=\"wp-block-heading\"><\/h1>\n\n\n\n<h4 class=\"wp-block-heading\">A b\u00e1ntalmaz\u00e1s soha nem az \u00e1ldozat hib\u00e1ja. Senki sem \u00e9rdemli meg, hogy b\u00e1ntalmazz\u00e1k.&nbsp;<\/h4>\n\n\n\n<p>A b\u00e1ntalmaz\u00e1s egy \u00f6sszetett \u00e9s f\u00e1jdalmas jelens\u00e9g, amely sokf\u00e9lek\u00e9ppen hathat az \u00e9let\u00fcnkre. Ha \u00fagy \u00e9rzed, hogy b\u00e1ntalmaz\u00e1s \u00e1ldozata vagy, vagy ha csak szeretn\u00e9l t\u00f6bbet megtudni a t\u00e9m\u00e1r\u00f3l, ne habozz seg\u00edts\u00e9get k\u00e9rni.<\/p>\n\n\n\n<div class=\"wp-block-media-text is-stacked-on-mobile\"><figure class=\"wp-block-media-text__media\"><img loading=\"lazy\" decoding=\"async\" width=\"1024\" height=\"576\" src=\"https:\/\/rejtettenunk.hu\/wp-content\/uploads\/2025\/02\/6-2-1024x576.jpg\" alt=\"\" class=\"wp-image-319 size-full\" srcset=\"https:\/\/rejtettenunk.hu\/wp-content\/uploads\/2025\/02\/6-2-1024x576.jpg 1024w, https:\/\/rejtettenunk.hu\/wp-content\/uploads\/2025\/02\/6-2-300x169.jpg 300w, https:\/\/rejtettenunk.hu\/wp-content\/uploads\/2025\/02\/6-2-768x432.jpg 768w, https:\/\/rejtettenunk.hu\/wp-content\/uploads\/2025\/02\/6-2-1140x641.jpg 1140w, https:\/\/rejtettenunk.hu\/wp-content\/uploads\/2025\/02\/6-2.jpg 1366w\" sizes=\"auto, (max-width: 1024px) 100vw, 1024px\" \/><\/figure><div class=\"wp-block-media-text__content\">\n<p>A gy\u00f3gyul\u00e1s egy hossz\u00fa \u00e9s neh\u00e9z folyamat lehet, de lehets\u00e9ges. A megfelel\u0151 seg\u00edts\u00e9ggel az \u00e1ldozatok megtanulhatj\u00e1k feldolgozni a traum\u00e1t, visszanyerni az \u00f6nbizalmukat \u00e9s \u00fajra\u00e9p\u00edteni az \u00e9let\u00fcket.<\/p>\n<\/div><\/div>\n\n\n\n<div style=\"height:40px\" aria-hidden=\"true\" class=\"wp-block-spacer\"><\/div>\n\n\n\n<p>Cikkben felhaszn\u00e1lt forr\u00e1sok:&nbsp;<\/p>\n\n\n\n<p>net.jogtar.hu<\/p>\n\n\n\n<p>nokjoga.hu<\/p>\n\n\n\n<p>unicef.hu<\/p>\n","protected":false},"excerpt":{"rendered":"<p>A b\u00e1ntalmaz\u00e1s hat\u00e1sai sokkal messzebbre ny\u00falnak, mint azt sokan gondolj\u00e1k. Gyakran \u00e9rezz\u00fck, hogy nem vagyunk el\u00e9g j\u00f3k, \u00e9s nem \u00e9rdeml\u00fcnk tiszteletet vagy szeretetet. Elvesz\u00edtj\u00fck a bizalmat m\u00e1sokban, vagy t\u00falzott ragaszkod\u00e1sunkkal v\u00e1lunk terhess\u00e9 m\u00e1sok sz\u00e1m\u00e1ra. Az \u00e9rz\u00e9seink t\u00fal er\u0151ss\u00e9 v\u00e1lnak, vagy \u00e9pp teljesen elfojtjuk \u0151ket, \u00e9s sz\u00e9ls\u0151s\u00e9gesen nyilv\u00e1nulunk meg. A j\u00f6v\u0151be vetett hit\u00fcnk is meginog. Neh\u00e9z hinni a boldogs\u00e1gban, ha a m\u00falt \u00e1lland\u00f3an visszah\u00faz. Fontos meg\u00e9rteni, hogy b\u00e1r a b\u00e1ntalmaz\u00e1s hat\u00e1sai nagyon m\u00e9lyek lehetnek, van lehet\u0151s\u00e9g a gy\u00f3gyul\u00e1sra. Az \u00f6nismeret, a seg\u00edts\u00e9gk\u00e9r\u00e9s \u00e9s a t\u00e1mogat\u00e1s mind hozz\u00e1j\u00e1rulhatnak a pozit\u00edv v\u00e1ltoz\u00e1shoz.<\/p>\n","protected":false},"author":1,"featured_media":0,"comment_status":"open","ping_status":"open","sticky":false,"template":"","format":"standard","meta":{"_monsterinsights_skip_tracking":false,"_monsterinsights_sitenote_active":false,"_monsterinsights_sitenote_note":"","_monsterinsights_sitenote_category":0,"footnotes":""},"categories":[5],"tags":[],"class_list":["post-313","post","type-post","status-publish","format-standard","hentry","category-blog"],"aioseo_notices":[],"_links":{"self":[{"href":"https:\/\/rejtettenunk.hu\/index.php?rest_route=\/wp\/v2\/posts\/313","targetHints":{"allow":["GET"]}}],"collection":[{"href":"https:\/\/rejtettenunk.hu\/index.php?rest_route=\/wp\/v2\/posts"}],"about":[{"href":"https:\/\/rejtettenunk.hu\/index.php?rest_route=\/wp\/v2\/types\/post"}],"author":[{"embeddable":true,"href":"https:\/\/rejtettenunk.hu\/index.php?rest_route=\/wp\/v2\/users\/1"}],"replies":[{"embeddable":true,"href":"https:\/\/rejtettenunk.hu\/index.php?rest_route=%2Fwp%2Fv2%2Fcomments&post=313"}],"version-history":[{"count":8,"href":"https:\/\/rejtettenunk.hu\/index.php?rest_route=\/wp\/v2\/posts\/313\/revisions"}],"predecessor-version":[{"id":337,"href":"https:\/\/rejtettenunk.hu\/index.php?rest_route=\/wp\/v2\/posts\/313\/revisions\/337"}],"wp:attachment":[{"href":"https:\/\/rejtettenunk.hu\/index.php?rest_route=%2Fwp%2Fv2%2Fmedia&parent=313"}],"wp:term":[{"taxonomy":"category","embeddable":true,"href":"https:\/\/rejtettenunk.hu\/index.php?rest_route=%2Fwp%2Fv2%2Fcategories&post=313"},{"taxonomy":"post_tag","embeddable":true,"href":"https:\/\/rejtettenunk.hu\/index.php?rest_route=%2Fwp%2Fv2%2Ftags&post=313"}],"curies":[{"name":"wp","href":"https:\/\/api.w.org\/{rel}","templated":true}]}}