{"id":411,"date":"2025-04-23T17:12:10","date_gmt":"2025-04-23T15:12:10","guid":{"rendered":"https:\/\/rejtettenunk.hu\/?p=411"},"modified":"2025-04-23T17:12:20","modified_gmt":"2025-04-23T15:12:20","slug":"karmakor-es-szammisztika","status":"publish","type":"post","link":"https:\/\/rejtettenunk.hu\/?p=411","title":{"rendered":"Karmak\u00f6r \u00e9s Sz\u00e1mmisztika"},"content":{"rendered":"\n<p><strong>Hogyan seg\u00edtett a sz\u00e1mmisztika \u00e9s a karmak\u00f6r elemz\u00e9s jobban meg\u00e9rteni \u00f6nmagam \u00e9s a kapcsolataimat?<\/strong><\/p>\n\n\n\n<p>A sz\u00e1mmisztik\u00e1val val\u00f3 ismerked\u00e9sem sor\u00e1n tal\u00e1lkoztam el\u0151sz\u00f6r a <em>karmak\u00f6r-elemz\u00e9s<\/em> fogalm\u00e1val. Ahelyett, hogy hosszasan magyar\u00e1zn\u00e1m, mir\u0151l is sz\u00f3l ez pontosan, ink\u00e1bb elmes\u00e9lem a saj\u00e1t t\u00f6rt\u00e9netemet \u2013 \u00edgy tal\u00e1n \u00e9rthet\u0151bb lesz, mi\u00e9rt is aj\u00e1nlom ezt a m\u00f3dszert.<\/p>\n\n\n\n<div style=\"height:30px\" aria-hidden=\"true\" class=\"wp-block-spacer\"><\/div>\n\n\n\n<figure class=\"wp-block-image size-large\"><img loading=\"lazy\" decoding=\"async\" width=\"1024\" height=\"538\" src=\"https:\/\/rejtettenunk.hu\/wp-content\/uploads\/2025\/04\/karmakor-elemzes-1024x538.jpg\" alt=\"karmak\u00f6r elemz\u00e9s\n\" class=\"wp-image-412\" srcset=\"https:\/\/rejtettenunk.hu\/wp-content\/uploads\/2025\/04\/karmakor-elemzes-1024x538.jpg 1024w, https:\/\/rejtettenunk.hu\/wp-content\/uploads\/2025\/04\/karmakor-elemzes-300x158.jpg 300w, https:\/\/rejtettenunk.hu\/wp-content\/uploads\/2025\/04\/karmakor-elemzes-768x403.jpg 768w, https:\/\/rejtettenunk.hu\/wp-content\/uploads\/2025\/04\/karmakor-elemzes-1140x599.jpg 1140w, https:\/\/rejtettenunk.hu\/wp-content\/uploads\/2025\/04\/karmakor-elemzes.jpg 1200w\" sizes=\"auto, (max-width: 1024px) 100vw, 1024px\" \/><\/figure>\n\n\n\n<div style=\"height:30px\" aria-hidden=\"true\" class=\"wp-block-spacer\"><\/div>\n\n\n\n<!--more-->\n\n\n\n<p>Kezdetben csak saj\u00e1t magamat \u00e9s a sz\u0171k csal\u00e1domat rajzoltam be a k\u00f6rbe. Meglep\u0151 volt, hogy senkivel nem volt k\u00f6z\u00f6s tal\u00e1lkoz\u00e1si pontom, viszont felt\u0171nt, hogy a csal\u00e1dtagjaim k\u00f6z\u00fcl sokan kapcsol\u00f3dnak a hatos sz\u00e1mhoz \u2013 vagy a nap-, vagy a sorssz\u00e1muk r\u00e9v\u00e9n.<\/p>\n\n\n\n<p>Mivel a csal\u00e1dommal nem t\u00fal szoros a kapcsolatom, elkezdtem be\u00edrni a bar\u00e1taimat is. Meglep\u0151dve tapasztaltam, hogy k\u00f6z\u00fcl\u00fck sokan a h\u00e1rmas \u00e9s hatos sz\u00e1m energi\u00e1ihoz kapcsol\u00f3dnak. Ekkor kezdtem el azon gondolkodni, vajon nekem milyen dolgom lehet ezekkel az energi\u00e1kkal.<\/p>\n\n\n\n<p>A <strong>h\u00e1rmas sz\u00e1mhoz<\/strong> a kommunik\u00e1ci\u00f3, ny\u00edlts\u00e1g, optimizmus \u00e9s \u00e9let\u00f6r\u00f6m tartozik \u2013 mindaz, ami akkoriban nagyon t\u00e1vol \u00e1llt t\u0151lem. A <strong>hatos sz\u00e1mhoz<\/strong> pedig a csal\u00e1d, otthon, gondoskod\u00e1s, felel\u0151ss\u00e9gv\u00e1llal\u00e1s \u00e9s d\u00f6nt\u00e9sek tartoznak \u2013 \u00e9s pont ez az a sz\u00e1m, ami hi\u00e1nyzik a sz\u00e1mmisztikai k\u00e9pletemb\u0151l.<\/p>\n\n\n\n<p><strong>R\u00e9g\u00f3ta \u00fagy gondolom, hogy a csal\u00e1d nem felt\u00e9tlen\u00fcl a v\u00e9r szerinti k\u00f6tel\u00e9ket jelenti, hanem azt a <em>v\u00e1lasztott csal\u00e1dot<\/em> is, akiket az \u00e9let\u00fcnkbe h\u00edvunk. <\/strong>R\u00e1j\u00f6ttem, hogy a bar\u00e1taim pont ezeket a min\u0151s\u00e9geket hozz\u00e1k be az \u00e9letembe \u2013 t\u0151l\u00fck tanulhatom meg mindezt.<\/p>\n\n\n\n<div style=\"height:30px\" aria-hidden=\"true\" class=\"wp-block-spacer\"><\/div>\n\n\n\n<p>Egy m\u00e1sik izgalmas felfedez\u00e9s a szerelmi kapcsolataimhoz k\u00f6t\u0151dik. H\u00e1rom olyan szem\u00e9lyt rajzoltam be, akik fontos szerepet j\u00e1tszottak az \u00e9letemben. Kett\u0151j\u00fck energi\u00e1ja az \u00f6t\u00f6s \u00e9s a hetes min\u0151s\u00e9ghez, egy\u00e9 pedig a h\u00e1rmas \u00e9s az \u00f6t\u00f6sh\u00f6z kapcsol\u00f3dott.<\/p>\n\n\n\n<p>Napokig gondolkodtam rajta, hogy vajon mit tan\u00edtottak ezek a kapcsolatok, vagy mit kellett volna megtanulnom bel\u0151l\u00fck. Minden ember, aki megjelenik az \u00e9let\u00fcnkben, tan\u00edt valamire \u2013 vagy tan\u00edthatott volna, ha jobban figyel\u00fcnk.<\/p>\n\n\n\n<p>A<strong> hetes sz\u00e1m<\/strong> az emp\u00e1ti\u00e1t, meg\u00e9rt\u00e9st, spiritualit\u00e1st, hitet \u00e9s megfigyel\u0151k\u00e9pess\u00e9get jel\u00f6li. Azt hittem mindig is empatikus voltam \u2013 de id\u0151vel r\u00e1j\u00f6ttem, mennyire t\u00e1vol voltam akkoriban m\u00e9g az <em>igazi<\/em> meg\u00e9rt\u00e9st\u0151l.<br>Az <strong>\u00f6t\u00f6s sz\u00e1m<\/strong> a bels\u0151 er\u0151h\u00f6z, hithez, szabads\u00e1ghoz, v\u00e1ltozatoss\u00e1ghoz, \u00f6nfegyelemhez \u00e9s megval\u00f3s\u00edt\u00e1shoz k\u00f6t\u0151dik \u2013 ezekben a t\u00e9m\u00e1kban is sokat kellett fejl\u0151dn\u00f6m.<\/p>\n\n\n\n<p>A f\u00e9rfiak f\u0151k\u00e9nt ezekkel a min\u0151s\u00e9gekkel jelentek meg az \u00e9letemben, \u00e9s megtan\u00edtottak arra, hogy merjek laz\u00edtani, ne akarjak mindent g\u00f6rcs\u00f6sen ir\u00e1ny\u00edtani, \u00e9lvezzem az \u00e9letet, \u00e9s legf\u0151k\u00e9pp: <strong><em>higgyek magamban<\/em>.<\/strong><\/p>\n\n\n\n<h2 class=\"wp-block-heading\"><strong>\u00dagy gondolom, minden tal\u00e1lkoz\u00e1snak oka van. <\/strong><\/h2>\n\n\n\n<p>Lehet, hogy l\u00e9teznek karmikus kapcsolatok \u2013 err\u0151l megoszlanak a v\u00e9lem\u00e9nyek, \u00e9s nem is az \u00e9n dolgom eld\u00f6nteni, ki miben hisz. Egyvalami azonban biztos: mind a sz\u00e1mmisztika mind pedig a karmak\u00f6r elemz\u00e9s seg\u00edtett abban, hogy m\u00e9lyebben meg\u00e9rtsem \u00f6nmagamat \u00e9s a kapcsolataimat.<\/p>\n\n\n\n<div style=\"height:30px\" aria-hidden=\"true\" class=\"wp-block-spacer\"><\/div>\n\n\n\n<p>Ha \u00e9rdekel az elemz\u00e9s, \u00edrj b\u00e1tran \u00fczenetet, <a href=\"https:\/\/rejtettenunk.hu\/?page_id=408\" target=\"_blank\" rel=\"noopener\" title=\"\">vagy n\u00e9zz k\u00f6r\u00fcl az oldalon<\/a>, ahol tov\u00e1bbi inform\u00e1ci\u00f3kat is tal\u00e1lsz r\u00f3la. \ud83d\ude0a<\/p>\n\n\n\n<p><\/p>\n\n\n\n<p><\/p>\n","protected":false},"excerpt":{"rendered":"<p>Hogyan seg\u00edtett a sz\u00e1mmisztika \u00e9s a karmak\u00f6r elemz\u00e9s jobban meg\u00e9rteni \u00f6nmagam \u00e9s a kapcsolataimat? A sz\u00e1mmisztik\u00e1val val\u00f3 ismerked\u00e9sem sor\u00e1n tal\u00e1lkoztam el\u0151sz\u00f6r a karmak\u00f6r-elemz\u00e9s fogalm\u00e1val. Ahelyett, hogy hosszasan magyar\u00e1zn\u00e1m, mir\u0151l is sz\u00f3l ez pontosan, ink\u00e1bb elmes\u00e9lem a saj\u00e1t t\u00f6rt\u00e9netemet \u2013 \u00edgy tal\u00e1n \u00e9rthet\u0151bb lesz, mi\u00e9rt is aj\u00e1nlom ezt a m\u00f3dszert.<\/p>\n","protected":false},"author":1,"featured_media":0,"comment_status":"open","ping_status":"open","sticky":false,"template":"","format":"standard","meta":{"_monsterinsights_skip_tracking":false,"_monsterinsights_sitenote_active":false,"_monsterinsights_sitenote_note":"","_monsterinsights_sitenote_category":0,"footnotes":""},"categories":[5],"tags":[29,30,31,11,21],"class_list":["post-411","post","type-post","status-publish","format-standard","hentry","category-blog","tag-karmakor","tag-karmakorelemzes","tag-numerologia","tag-onismeret","tag-szammisztika"],"aioseo_notices":[],"_links":{"self":[{"href":"https:\/\/rejtettenunk.hu\/index.php?rest_route=\/wp\/v2\/posts\/411","targetHints":{"allow":["GET"]}}],"collection":[{"href":"https:\/\/rejtettenunk.hu\/index.php?rest_route=\/wp\/v2\/posts"}],"about":[{"href":"https:\/\/rejtettenunk.hu\/index.php?rest_route=\/wp\/v2\/types\/post"}],"author":[{"embeddable":true,"href":"https:\/\/rejtettenunk.hu\/index.php?rest_route=\/wp\/v2\/users\/1"}],"replies":[{"embeddable":true,"href":"https:\/\/rejtettenunk.hu\/index.php?rest_route=%2Fwp%2Fv2%2Fcomments&post=411"}],"version-history":[{"count":7,"href":"https:\/\/rejtettenunk.hu\/index.php?rest_route=\/wp\/v2\/posts\/411\/revisions"}],"predecessor-version":[{"id":419,"href":"https:\/\/rejtettenunk.hu\/index.php?rest_route=\/wp\/v2\/posts\/411\/revisions\/419"}],"wp:attachment":[{"href":"https:\/\/rejtettenunk.hu\/index.php?rest_route=%2Fwp%2Fv2%2Fmedia&parent=411"}],"wp:term":[{"taxonomy":"category","embeddable":true,"href":"https:\/\/rejtettenunk.hu\/index.php?rest_route=%2Fwp%2Fv2%2Fcategories&post=411"},{"taxonomy":"post_tag","embeddable":true,"href":"https:\/\/rejtettenunk.hu\/index.php?rest_route=%2Fwp%2Fv2%2Ftags&post=411"}],"curies":[{"name":"wp","href":"https:\/\/api.w.org\/{rel}","templated":true}]}}