{"id":492,"date":"2026-03-18T16:05:03","date_gmt":"2026-03-18T15:05:03","guid":{"rendered":"https:\/\/rejtettenunk.hu\/?p=492"},"modified":"2026-03-18T16:42:52","modified_gmt":"2026-03-18T15:42:52","slug":"miert-nem-keszitek-kizarolag-irasos-szammisztikai-elemzeseket","status":"publish","type":"post","link":"https:\/\/rejtettenunk.hu\/?p=492","title":{"rendered":"Mi\u00e9rt nem k\u00e9sz\u00edtek kiz\u00e1r\u00f3lag \u00edr\u00e1sos sz\u00e1mmisztikai elemz\u00e9seket?"},"content":{"rendered":"\n<p><\/p>\n\n\n\n<p>Mostan\u00e1ban t\u00f6bb megkeres\u00e9sem is volt, amelyben sz\u00e1mmisztikai elemz\u00e9st vagy karmak\u00f6r elemz\u00e9st k\u00e9rtek. Azonban amikor le\u00edrtam a r\u00e9szleteket, \u00e9s megk\u00e9rdeztem, mikor lenne alkalmas az online konzult\u00e1ci\u00f3, t\u00f6bben meglep\u0151dtek, \u00e9s v\u00e9g\u00fcl m\u00e9gsem k\u00e9rt\u00e9k.<\/p>\n\n\n\n<p>B\u00e1r a honlapomon k\u00e9t helyen felt\u00fcntettem, \u00e9s igyekszem mindig ki\u00edrni, hogy online konzult\u00e1ci\u00f3r\u00f3l van sz\u00f3, r\u00e1j\u00f6ttem, hogy ez a t\u00e9ma egy kis magyar\u00e1zatra szorul.<\/p>\n\n\n\n<figure class=\"wp-block-image size-large\"><img loading=\"lazy\" decoding=\"async\" width=\"1024\" height=\"576\" src=\"https:\/\/rejtettenunk.hu\/wp-content\/uploads\/2026\/03\/A-szammisztika-nem-joslas-hanem-egy-folyamat-amelyben-a-beszelgetes-teszi-igazan-szemelyre-szabotta-az-elemzest-1-1024x576.jpg\" alt=\"\" class=\"wp-image-502\" srcset=\"https:\/\/rejtettenunk.hu\/wp-content\/uploads\/2026\/03\/A-szammisztika-nem-joslas-hanem-egy-folyamat-amelyben-a-beszelgetes-teszi-igazan-szemelyre-szabotta-az-elemzest-1-1024x576.jpg 1024w, https:\/\/rejtettenunk.hu\/wp-content\/uploads\/2026\/03\/A-szammisztika-nem-joslas-hanem-egy-folyamat-amelyben-a-beszelgetes-teszi-igazan-szemelyre-szabotta-az-elemzest-1-300x169.jpg 300w, https:\/\/rejtettenunk.hu\/wp-content\/uploads\/2026\/03\/A-szammisztika-nem-joslas-hanem-egy-folyamat-amelyben-a-beszelgetes-teszi-igazan-szemelyre-szabotta-az-elemzest-1-768x432.jpg 768w, https:\/\/rejtettenunk.hu\/wp-content\/uploads\/2026\/03\/A-szammisztika-nem-joslas-hanem-egy-folyamat-amelyben-a-beszelgetes-teszi-igazan-szemelyre-szabotta-az-elemzest-1-1140x641.jpg 1140w, https:\/\/rejtettenunk.hu\/wp-content\/uploads\/2026\/03\/A-szammisztika-nem-joslas-hanem-egy-folyamat-amelyben-a-beszelgetes-teszi-igazan-szemelyre-szabotta-az-elemzest-1-1320x742.jpg 1320w, https:\/\/rejtettenunk.hu\/wp-content\/uploads\/2026\/03\/A-szammisztika-nem-joslas-hanem-egy-folyamat-amelyben-a-beszelgetes-teszi-igazan-szemelyre-szabotta-az-elemzest-1.jpg 1366w\" sizes=\"auto, (max-width: 1024px) 100vw, 1024px\" \/><\/figure>\n\n\n\n<div style=\"height:30px\" aria-hidden=\"true\" class=\"wp-block-spacer\"><\/div>\n\n\n\n<!--more-->\n\n\n\n<p>El\u0151sz\u00f6r is szeretn\u00e9m megmutatni, n\u00e1lam hogyan t\u00f6rt\u00e9nik egy sz\u00e1mmisztikai vagy adott esetben karmak\u00f6r elemz\u00e9s:<\/p>\n\n\n\n<p>\u2013 bek\u00e9rem az adatokat<br>\u2013 elk\u00e9sz\u00edtem az elemz\u00e9s alapj\u00e1t<br>\u2013 megt\u00f6rt\u00e9nik az online konzult\u00e1ci\u00f3, amely sor\u00e1n k\u00f6z\u00f6sen \u00e1tbesz\u00e9lj\u00fck az elemz\u00e9st<br>\u2013 a konzult\u00e1ci\u00f3 ut\u00e1n \u00edr\u00e1sban k\u00e9sz\u00edtek egy r\u00f6vid jegyzetet, hogy neked ne kelljen k\u00f6zben a jegyzetel\u00e9sre figyelned<\/p>\n\n\n\n<p>Sok elemz\u00e9st elk\u00e9sz\u00edtettem, mire kialak\u00edtottam ezt a rendszert \u2013 magamnak \u00e9s az \u00fcgyfelek sz\u00e1m\u00e1ra is \u2013, hogy a lehet\u0151 leghasznosabb legyen.<\/p>\n\n\n\n<h3 class=\"wp-block-heading\"><strong>Mi\u00e9rt sz\u00fcks\u00e9ges az online konzult\u00e1ci\u00f3?<\/strong><\/h3>\n\n\n\n<p>Tudom, hogy bevett szok\u00e1s \u00edr\u00e1sban elemz\u00e9seket k\u00e9sz\u00edteni. Azonban \u00fagy gondolom, hogy ez \u2013 hi\u00e1ba van szem\u00e9lyre szabottk\u00e9nt hirdetve \u2013 m\u00e9gsem teljesen az.<\/p>\n\n\n\n<p>Mondok egy egyszer\u0171 p\u00e9ld\u00e1t, hogy \u00e9rthet\u0151 legyen:<br>van k\u00e9t ember, az egyik Heves megy\u00e9ben lakik, a m\u00e1sik N\u00e9metorsz\u00e1gban, \u00e9s mindketten 1994. 08. 16-\u00e1n sz\u00fclettek.<br>Az \u0151 elemz\u00e9seik egyform\u00e1k lesznek?<\/p>\n\n\n\n<p><strong>K\u00f6zel sem.<\/strong><\/p>\n\n\n\n<p>K\u00e9t k\u00fcl\u00f6n\u00e1ll\u00f3 szem\u00e9lyis\u00e9gr\u0151l besz\u00e9l\u00fcnk, \u00e9s a sz\u00e1mmisztika nem j\u00f3sl\u00e1s. Nem arr\u00f3l sz\u00f3l, hogy a sz\u00e1mokb\u00f3l egyszer\u0171en \u201emegmondhat\u00f3\u201d, ki vagy, hanem arr\u00f3l, hogy seg\u00edtsen jobban meg\u00e9rteni \u00f6nmagunkat: a k\u00e9pess\u00e9geinket, tulajdons\u00e1gainkat \u00e9s m\u0171k\u00f6d\u00e9s\u00fcnket.<\/p>\n\n\n\n<p>Ahhoz, hogy ez val\u00f3ban szem\u00e9lyre szabott legyen, sz\u00fcks\u00e9g van k\u00f6lcs\u00f6n\u00f6s interakci\u00f3ra.<\/p>\n\n\n\n<h2 class=\"wp-block-heading\">A konzult\u00e1ci\u00f3 sor\u00e1n egy\u00fctt der\u00edtj\u00fck ki, hogy a sz\u00fclet\u00e9si sz\u00e1maid energi\u00e1it: <\/h2>\n\n\n\n<p>\u2013 te hogyan \u00e9led meg<br>\u2013 milyen szinten jelennek meg az \u00e9letedben<br>\u2013 mire \u00e9rdemes figyelned<br>\u2013 mit tudsz er\u0151s\u00edteni<br>\u2013 \u00e9s mik a fejlesztend\u0151 ter\u00fcletek<\/p>\n\n\n\n<p>Ha egy e-mailben elk\u00fcld\u00f6d a sz\u00fclet\u00e9si d\u00e1tumodat, term\u00e9szetesen fel lehet \u00e1ll\u00edtani egy \u00e1ltal\u00e1nos elemz\u00e9st. De k\u00f6zel sem biztos, hogy az val\u00f3ban r\u00e1d lesz igaz. Egy bizonyos szintig ezeket az inform\u00e1ci\u00f3kat k\u00f6nyvekb\u0151l is \u00f6ssze lehet gy\u0171jteni. Ha nincs interakci\u00f3, \u00e9n is csak azt az \u00e1ltal\u00e1nos k\u00e9pet tudom adni, amit m\u00e1shol is megtal\u00e1lsz.<\/p>\n\n\n\n<h3 class=\"wp-block-heading\"><strong>\u00c9n viszont hiszem, hogy a sz\u00e1mmisztika enn\u00e9l j\u00f3val t\u00f6bb.<\/strong><\/h3>\n\n\n\n<p>Nem csup\u00e1n adathalmaz vagy r\u00f6vid vide\u00f3k alatti inform\u00e1ci\u00f3. Ezek j\u00f3k arra, hogy felkelts\u00e9k az \u00e9rdekl\u0151d\u00e9st \u2013 de a val\u00f3di m\u00e9lys\u00e9get nem adj\u00e1k \u00e1t.<\/p>\n\n\n\n<p><strong>A sz\u00e1mmisztika egy folyamat.<\/strong><br>Egy k\u00f6z\u00f6s munka. Ahol a besz\u00e9lget\u00e9s \u00e9s az interakci\u00f3 az, ami val\u00f3ban szem\u00e9lyre szabja az elemz\u00e9st \u2013 \u00e9s ami el\u0151mozd\u00edthat a fejl\u0151d\u00e9sedben is.<\/p>\n\n\n\n<p>Ha \u00fagy \u00e9rzed, ez neked sz\u00f3l, \u00e9s tud seg\u00edteni ez a m\u00f3dszer, keress b\u00e1tran.<\/p>\n\n\n\n<p>Rem\u00e9lem, ezzel siker\u00fclt jobban megmutatnom, hogy n\u00e1lam hogyan \u00e9s mi\u00e9rt \u00e9p\u00fcl fel egy elemz\u00e9s \u2013 \u00e9s \u00edgy k\u00f6nnyebb eld\u00f6ntened, hogy tudunk-e egy\u00fctt dolgozni.&nbsp;<\/p>\n\n\n\n<p>Tov\u00e1bbi inform\u00e1ci\u00f3kat itt tal\u00e1lsz: <a href=\"https:\/\/rejtettenunk.hu\/?page_id=19\" target=\"_blank\" rel=\"noopener\" title=\"\">https:\/\/rejtettenunk.hu\/?page_id=19<\/a><\/p>\n\n\n\n<p><\/p>\n","protected":false},"excerpt":{"rendered":"<p>Mostan\u00e1ban t\u00f6bb megkeres\u00e9sem is volt, amelyben sz\u00e1mmisztikai elemz\u00e9st vagy karmak\u00f6r elemz\u00e9st k\u00e9rtek. Azonban amikor le\u00edrtam a r\u00e9szleteket, \u00e9s megk\u00e9rdeztem, mikor lenne alkalmas az online konzult\u00e1ci\u00f3, t\u00f6bben meglep\u0151dtek, \u00e9s v\u00e9g\u00fcl m\u00e9gsem k\u00e9rt\u00e9k. B\u00e1r a honlapomon k\u00e9t helyen felt\u00fcntettem, \u00e9s igyekszem mindig ki\u00edrni, hogy online konzult\u00e1ci\u00f3r\u00f3l van sz\u00f3, r\u00e1j\u00f6ttem, hogy ez a t\u00e9ma egy kis magyar\u00e1zatra szorul.<\/p>\n","protected":false},"author":1,"featured_media":0,"comment_status":"open","ping_status":"open","sticky":false,"template":"","format":"standard","meta":{"_monsterinsights_skip_tracking":false,"_monsterinsights_sitenote_active":false,"_monsterinsights_sitenote_note":"","_monsterinsights_sitenote_category":0,"footnotes":""},"categories":[5],"tags":[11,21],"class_list":["post-492","post","type-post","status-publish","format-standard","hentry","category-blog","tag-onismeret","tag-szammisztika"],"aioseo_notices":[],"_links":{"self":[{"href":"https:\/\/rejtettenunk.hu\/index.php?rest_route=\/wp\/v2\/posts\/492","targetHints":{"allow":["GET"]}}],"collection":[{"href":"https:\/\/rejtettenunk.hu\/index.php?rest_route=\/wp\/v2\/posts"}],"about":[{"href":"https:\/\/rejtettenunk.hu\/index.php?rest_route=\/wp\/v2\/types\/post"}],"author":[{"embeddable":true,"href":"https:\/\/rejtettenunk.hu\/index.php?rest_route=\/wp\/v2\/users\/1"}],"replies":[{"embeddable":true,"href":"https:\/\/rejtettenunk.hu\/index.php?rest_route=%2Fwp%2Fv2%2Fcomments&post=492"}],"version-history":[{"count":4,"href":"https:\/\/rejtettenunk.hu\/index.php?rest_route=\/wp\/v2\/posts\/492\/revisions"}],"predecessor-version":[{"id":503,"href":"https:\/\/rejtettenunk.hu\/index.php?rest_route=\/wp\/v2\/posts\/492\/revisions\/503"}],"wp:attachment":[{"href":"https:\/\/rejtettenunk.hu\/index.php?rest_route=%2Fwp%2Fv2%2Fmedia&parent=492"}],"wp:term":[{"taxonomy":"category","embeddable":true,"href":"https:\/\/rejtettenunk.hu\/index.php?rest_route=%2Fwp%2Fv2%2Fcategories&post=492"},{"taxonomy":"post_tag","embeddable":true,"href":"https:\/\/rejtettenunk.hu\/index.php?rest_route=%2Fwp%2Fv2%2Ftags&post=492"}],"curies":[{"name":"wp","href":"https:\/\/api.w.org\/{rel}","templated":true}]}}