{"id":505,"date":"2026-03-31T17:24:26","date_gmt":"2026-03-31T15:24:26","guid":{"rendered":"https:\/\/rejtettenunk.hu\/?p=505"},"modified":"2026-03-31T17:24:29","modified_gmt":"2026-03-31T15:24:29","slug":"amikor-adsz-egy-eselyt-valami-ujnak-es-kozelebb-kerulsz-onmagadhoz","status":"publish","type":"post","link":"https:\/\/rejtettenunk.hu\/?p=505","title":{"rendered":"Amikor adsz egy es\u00e9lyt valami \u00fajnak \u2013 \u00e9s k\u00f6zelebb ker\u00fclsz \u00f6nmagadhoz"},"content":{"rendered":"\n<p>Az \u00f6nismereti \u00fat sokszor nem egy egyenes vonal. Ink\u00e1bb pr\u00f3b\u00e1lkoz\u00e1sok sorozata, ahol n\u00e9ha azt \u00e9rezz\u00fck, hogy nem a megfelel\u0151 m\u00f3dszert v\u00e1lasztottuk, nem a megfelel\u0151 szem\u00e9lyt tal\u00e1ltuk meg, vagy egyszer\u0171en m\u00e9g nem \u00e1llunk k\u00e9szen arra, hogy igaz\u00e1n r\u00e1n\u00e9zz\u00fcnk \u00f6nmagunkra.<\/p>\n\n\n\n<p>Tal\u00e1n veled is el\u0151fordult m\u00e1r, hogy kerested a v\u00e1laszt, de nem tal\u00e1ltad azt a form\u00e1t, ami igaz\u00e1n megsz\u00f3l\u00edtott volna. \u00c9rezted, hogy itt az ideje valaminek v\u00e1ltoznia, de nem tudtad, merre indulj, hogyan kezdj bele.<\/p>\n\n\n\n<p>\u00c9n is \u00edgy voltam ezzel, \u00e9s sokszor ma is \u00edgy van. De megtanultam seg\u00edts\u00e9get k\u00e9rni \u00e9s elfogadni, \u00e9s azt is, hogy nem biztos, hogy els\u0151re siker\u00fcl.<\/p>\n\n\n\n<figure class=\"wp-block-image size-large\"><img loading=\"lazy\" decoding=\"async\" width=\"1024\" height=\"576\" src=\"https:\/\/rejtettenunk.hu\/wp-content\/uploads\/2026\/03\/Amikor-adsz-egy-eselyt-valami-ujnak-1024x576.jpg\" alt=\"Amikor adsz egy es\u00e9lyt valami \u00fajnak \u2013 \u00e9s k\u00f6zelebb ker\u00fclsz \u00f6nmagadhoz\" class=\"wp-image-506\" srcset=\"https:\/\/rejtettenunk.hu\/wp-content\/uploads\/2026\/03\/Amikor-adsz-egy-eselyt-valami-ujnak-1024x576.jpg 1024w, https:\/\/rejtettenunk.hu\/wp-content\/uploads\/2026\/03\/Amikor-adsz-egy-eselyt-valami-ujnak-300x169.jpg 300w, https:\/\/rejtettenunk.hu\/wp-content\/uploads\/2026\/03\/Amikor-adsz-egy-eselyt-valami-ujnak-768x432.jpg 768w, https:\/\/rejtettenunk.hu\/wp-content\/uploads\/2026\/03\/Amikor-adsz-egy-eselyt-valami-ujnak-1140x641.jpg 1140w, https:\/\/rejtettenunk.hu\/wp-content\/uploads\/2026\/03\/Amikor-adsz-egy-eselyt-valami-ujnak-1320x742.jpg 1320w, https:\/\/rejtettenunk.hu\/wp-content\/uploads\/2026\/03\/Amikor-adsz-egy-eselyt-valami-ujnak.jpg 1366w\" sizes=\"auto, (max-width: 1024px) 100vw, 1024px\" \/><\/figure>\n\n\n\n<div style=\"height:30px\" aria-hidden=\"true\" class=\"wp-block-spacer\"><\/div>\n\n\n\n<!--more-->\n\n\n\n<p>Sokadik pr\u00f3b\u00e1lkoz\u00e1som sor\u00e1n tal\u00e1lkoztam el\u0151sz\u00f6r a sz\u00e1mmisztik\u00e1val. Nem mondan\u00e1m, hogy els\u0151re azonnal hittem benne, de valami m\u00e9gis meglepett. Egy sz\u00e1momra idegen ember mes\u00e9lni kezdett r\u00f3lam, \u00e9s sokszor nagyon is pontosan fogalmazott.<\/p>\n\n\n\n<p>Meg akartam \u00e9rteni, hogyan lehets\u00e9ges, hogy egy m\u00f3dszer, amely a sz\u00fclet\u00e9si d\u00e1tumb\u00f3l indul ki, k\u00e9pes r\u00e1vil\u00e1g\u00edtani bels\u0151 m\u0171k\u00f6d\u00e9sekre, mint\u00e1zatokra, er\u0151ss\u00e9gekre \u00e9s elakad\u00e1sokra. K\u00edv\u00e1ncsi lettem, \u00e9s ez a k\u00edv\u00e1ncsis\u00e1g sodort v\u00e9g\u00fcl erre a p\u00e1ly\u00e1ra, amivel mindig is szerettem volna foglalkozni: hogy m\u00e1soknak seg\u00edtsek.<\/p>\n\n\n\n<p>Ahogy egyre m\u00e9lyebben megismertem a sz\u00e1mmisztik\u00e1t, egyre ink\u00e1bb azt tapasztaltam, hogy nem k\u00e9sz v\u00e1laszokat ad, \u00e9s nem is helyettes\u00edti a saj\u00e1t bels\u0151 munk\u00e1t. Ink\u00e1bb egyfajta t\u00e9rk\u00e9pk\u00e9nt m\u0171k\u00f6dik. Seg\u00edt r\u00e1n\u00e9zni arra, hogy milyen alapokkal \u00e9rkezt\u00fcnk, milyen ir\u00e1nyok lehetnek sz\u00e1munkra term\u00e9szetesebbek, \u00e9s hol vannak azok a pontok, ahol \u00e9rdemes tudatosabban dolgozni \u00f6nmagunkkal.<\/p>\n\n\n\n<h3 class=\"wp-block-heading\"><strong>Tal\u00e1n ez az egyik legfontosabb felismer\u00e9s sz\u00e1momra: nem minden m\u00f3dszer val\u00f3 mindenkinek, de ha nyitottak vagyunk, \u00e9s adunk egy es\u00e9lyt valami \u00fajnak, akkor k\u00f6zelebb ker\u00fclhet\u00fcnk \u00f6nmagunkhoz.<\/strong><\/h3>\n\n\n\n<p>A sz\u00e1mmisztika sz\u00e1momra ilyen eszk\u00f6zz\u00e9 v\u00e1lt.<\/p>\n\n\n\n<p>Nem az\u00e9rt, mert mindent megmagyar\u00e1z, hanem mert seg\u00edt k\u00e9rd\u00e9seket feltenni. Seg\u00edt r\u00e1l\u00e1tni \u00f6sszef\u00fcgg\u00e9sekre, \u00e9s egy olyan alapot ad, amihez b\u00e1rmikor vissza lehet ny\u00falni. Egyfajta bels\u0151 kapaszkod\u00f3v\u00e1 v\u00e1lik az \u00faton.<\/p>\n\n\n\n<div style=\"height:30px\" aria-hidden=\"true\" class=\"wp-block-spacer\"><\/div>\n\n\n\n<h2 class=\"wp-block-heading\"><strong>Kinek lehet hasznos a sz\u00e1mmisztika?<\/strong><\/h2>\n\n\n\n<p>Azoknak, akik nem k\u00e9sz v\u00e1laszokat keresnek, hanem szeretn\u00e9nek jobban r\u00e1l\u00e1tni saj\u00e1t m\u0171k\u00f6d\u00e9s\u00fckre.<\/p>\n\n\n\n<p>Akik \u00fagy \u00e9rzik, hogy elakadtak, ism\u00e9tl\u0151d\u0151 helyzetekben tal\u00e1lj\u00e1k magukat, vagy egyszer\u0171en csak szeretn\u00e9k m\u00e9lyebben meg\u00e9rteni, hogy mi mi\u00e9rt t\u00f6rt\u00e9nik benn\u00fck \u00e9s k\u00f6r\u00fcl\u00f6tt\u00fck.<\/p>\n\n\n\n<p>A sz\u00e1mmisztika nem mondja meg, mit kell tenned. Nem helyettes\u00edti a d\u00f6nt\u00e9seidet, \u00e9s nem veszi \u00e1t a felel\u0151ss\u00e9get sem.<\/p>\n\n\n\n<p>De seg\u00edthet abban, hogy tiszt\u00e1bban l\u00e1ss.<\/p>\n\n\n\n<p>Hogy felismerd az er\u0151ss\u00e9geidet, \u00e9s azokat a ter\u00fcleteket, ahol fejl\u0151d\u00e9sre van sz\u00fcks\u00e9g. Hogy jobban \u00e9rtsd a saj\u00e1t reakci\u00f3idat, m\u0171k\u00f6d\u00e9sedet, \u00e9s azt, hogy milyen lehet\u0151s\u00e9gek rejlenek benned.<\/p>\n\n\n\n<div style=\"height:30px\" aria-hidden=\"true\" class=\"wp-block-spacer\"><\/div>\n\n\n\n<h2 class=\"wp-block-heading\"><strong>Egy eszk\u00f6z, amihez vissza lehet t\u00e9rni<\/strong><\/h2>\n\n\n\n<p>Sz\u00e1momra a sz\u00e1mmisztika nem egy egyszeri \u00e9lm\u00e9ny volt, hanem egy olyan alap, amihez az\u00f3ta is vissza tudok ny\u00falni.<\/p>\n\n\n\n<p>Nem helyettes\u00edti az \u00f6nismereti munk\u00e1t, de t\u00e1mogatja azt. Nem ad k\u00e9sz megold\u00e1sokat, de seg\u00edt abban, hogy jobban k\u00e9rdezz\u00fcnk.<\/p>\n\n\n\n<p>\u00c9s n\u00e9ha ez az, ami igaz\u00e1n el\u0151revisz.<\/p>\n\n\n\n<div style=\"height:30px\" aria-hidden=\"true\" class=\"wp-block-spacer\"><\/div>\n\n\n\n<p>Ha \u00fagy \u00e9rzed, hogy szeretn\u00e9l egy m\u00e1sik n\u00e9z\u0151pontb\u00f3l is r\u00e1n\u00e9zni \u00f6nmagadra, akkor lehet, hogy \u00e9rdemes adni egy es\u00e9lyt egy ilyen m\u00f3dszernek.<\/p>\n\n\n\n<figure class=\"wp-block-embed is-type-wp-embed is-provider-rejtettenunk-hu wp-block-embed-rejtettenunk-hu\"><div class=\"wp-block-embed__wrapper\">\n<blockquote class=\"wp-embedded-content\" data-secret=\"RKVPYCYrFF\"><a href=\"https:\/\/rejtettenunk.hu\/?page_id=11\">Numerol\u00f3gia elemz\u00e9s<\/a><\/blockquote><iframe loading=\"lazy\" class=\"wp-embedded-content\" sandbox=\"allow-scripts\" security=\"restricted\" style=\"position: absolute; visibility: hidden;\" title=\"&#8220;Numerol\u00f3gia elemz\u00e9s&#8221; &#8212; rejtettenunk.hu\" src=\"https:\/\/rejtettenunk.hu\/?page_id=11&#038;embed=true#?secret=ZETAyw77lC#?secret=RKVPYCYrFF\" data-secret=\"RKVPYCYrFF\" width=\"600\" height=\"338\" frameborder=\"0\" marginwidth=\"0\" marginheight=\"0\" scrolling=\"no\"><\/iframe>\n<\/div><\/figure>\n\n\n\n<p><\/p>\n","protected":false},"excerpt":{"rendered":"<p>Az \u00f6nismereti \u00fat sokszor nem egy egyenes vonal. Ink\u00e1bb pr\u00f3b\u00e1lkoz\u00e1sok sorozata, ahol n\u00e9ha azt \u00e9rezz\u00fck, hogy nem a megfelel\u0151 m\u00f3dszert v\u00e1lasztottuk, nem a megfelel\u0151 szem\u00e9lyt tal\u00e1ltuk meg, vagy egyszer\u0171en m\u00e9g nem \u00e1llunk k\u00e9szen arra, hogy igaz\u00e1n r\u00e1n\u00e9zz\u00fcnk \u00f6nmagunkra. Tal\u00e1n veled is el\u0151fordult m\u00e1r, hogy kerested a v\u00e1laszt, de nem tal\u00e1ltad azt a form\u00e1t, ami igaz\u00e1n megsz\u00f3l\u00edtott volna. \u00c9rezted, hogy itt az ideje valaminek v\u00e1ltoznia, de nem tudtad, merre indulj, hogyan kezdj bele. \u00c9n is \u00edgy voltam ezzel, \u00e9s sokszor ma is \u00edgy van. De megtanultam seg\u00edts\u00e9get k\u00e9rni \u00e9s elfogadni, \u00e9s azt is, hogy nem biztos, hogy els\u0151re siker\u00fcl.<\/p>\n","protected":false},"author":1,"featured_media":0,"comment_status":"open","ping_status":"open","sticky":false,"template":"","format":"standard","meta":{"_monsterinsights_skip_tracking":false,"_monsterinsights_sitenote_active":false,"_monsterinsights_sitenote_note":"","_monsterinsights_sitenote_category":0,"footnotes":""},"categories":[5],"tags":[38],"class_list":["post-505","post","type-post","status-publish","format-standard","hentry","category-blog","tag-amikor-adsz-egy-eselyt-valami-ujnak-es-kozelebb-kerulsz-onmagadhoz"],"aioseo_notices":[],"_links":{"self":[{"href":"https:\/\/rejtettenunk.hu\/index.php?rest_route=\/wp\/v2\/posts\/505","targetHints":{"allow":["GET"]}}],"collection":[{"href":"https:\/\/rejtettenunk.hu\/index.php?rest_route=\/wp\/v2\/posts"}],"about":[{"href":"https:\/\/rejtettenunk.hu\/index.php?rest_route=\/wp\/v2\/types\/post"}],"author":[{"embeddable":true,"href":"https:\/\/rejtettenunk.hu\/index.php?rest_route=\/wp\/v2\/users\/1"}],"replies":[{"embeddable":true,"href":"https:\/\/rejtettenunk.hu\/index.php?rest_route=%2Fwp%2Fv2%2Fcomments&post=505"}],"version-history":[{"count":2,"href":"https:\/\/rejtettenunk.hu\/index.php?rest_route=\/wp\/v2\/posts\/505\/revisions"}],"predecessor-version":[{"id":508,"href":"https:\/\/rejtettenunk.hu\/index.php?rest_route=\/wp\/v2\/posts\/505\/revisions\/508"}],"wp:attachment":[{"href":"https:\/\/rejtettenunk.hu\/index.php?rest_route=%2Fwp%2Fv2%2Fmedia&parent=505"}],"wp:term":[{"taxonomy":"category","embeddable":true,"href":"https:\/\/rejtettenunk.hu\/index.php?rest_route=%2Fwp%2Fv2%2Fcategories&post=505"},{"taxonomy":"post_tag","embeddable":true,"href":"https:\/\/rejtettenunk.hu\/index.php?rest_route=%2Fwp%2Fv2%2Ftags&post=505"}],"curies":[{"name":"wp","href":"https:\/\/api.w.org\/{rel}","templated":true}]}}