{"id":572,"date":"2026-04-28T11:16:25","date_gmt":"2026-04-28T09:16:25","guid":{"rendered":"https:\/\/rejtettenunk.hu\/?p=572"},"modified":"2026-04-28T11:16:26","modified_gmt":"2026-04-28T09:16:26","slug":"kapcsolatok-es-ismetlodo-mintak-hol-kezdodik-a-valodi-valtozas","status":"publish","type":"post","link":"https:\/\/rejtettenunk.hu\/?p=572","title":{"rendered":"Kapcsolatok \u00e9s ism\u00e9tl\u0151d\u0151 mint\u00e1k: hol kezd\u0151dik a val\u00f3di v\u00e1ltoz\u00e1s?"},"content":{"rendered":"\n<p>Volt m\u00e1r, hogy egy kapcsolatban azt \u00e9rezted, megint ugyanoda jutott\u00e1l?<br>Hogy hi\u00e1ba m\u00e1s az ember, a helyzet m\u00e9gis ismer\u0151s?<\/p>\n\n\n\n<p>Az elm\u00falt hetekben sokat \u00edrtam arr\u00f3l, hogy a kapcsolati mint\u00e1k hogyan ism\u00e9tl\u0151dnek, \u00e9s hogyan jelennek meg a mindennapi helyzetekben.<br>Most szeretn\u00e9k egy l\u00e9p\u00e9ssel tov\u00e1bb menni.<\/p>\n\n\n\n<h1 class=\"wp-block-heading has-medium-font-size\">Mert a k\u00e9rd\u00e9s nem csak az, hogy mi ism\u00e9tl\u0151dik, hanem az is, hogy lehet-e ezen egy\u00e1ltal\u00e1n v\u00e1ltoztatni.<\/h1>\n\n\n\n<p>A r\u00f6vid v\u00e1lasz: igen.<br>Az els\u0151 l\u00e9p\u00e9s ennek felismer\u00e9se. Ebben seg\u00edthet neked a Kapcsol\u00f3dj jobban 3 alkalmas program.<\/p>\n\n\n<div class=\"wp-block-image\">\n<figure class=\"aligncenter size-large is-resized\"><img loading=\"lazy\" decoding=\"async\" width=\"1024\" height=\"768\" src=\"https:\/\/rejtettenunk.hu\/wp-content\/uploads\/2026\/04\/ChatGPT-Image-2026.-apr.-26.-08_55_55-1024x768.png\" alt=\"kapcsolati mint\u00e1k\n\n\" class=\"wp-image-573\" style=\"width:485px;height:auto\" srcset=\"https:\/\/rejtettenunk.hu\/wp-content\/uploads\/2026\/04\/ChatGPT-Image-2026.-apr.-26.-08_55_55-1024x768.png 1024w, https:\/\/rejtettenunk.hu\/wp-content\/uploads\/2026\/04\/ChatGPT-Image-2026.-apr.-26.-08_55_55-300x225.png 300w, https:\/\/rejtettenunk.hu\/wp-content\/uploads\/2026\/04\/ChatGPT-Image-2026.-apr.-26.-08_55_55-768x576.png 768w, https:\/\/rejtettenunk.hu\/wp-content\/uploads\/2026\/04\/ChatGPT-Image-2026.-apr.-26.-08_55_55-1140x855.png 1140w, https:\/\/rejtettenunk.hu\/wp-content\/uploads\/2026\/04\/ChatGPT-Image-2026.-apr.-26.-08_55_55-1320x990.png 1320w, https:\/\/rejtettenunk.hu\/wp-content\/uploads\/2026\/04\/ChatGPT-Image-2026.-apr.-26.-08_55_55.png 1448w\" sizes=\"auto, (max-width: 1024px) 100vw, 1024px\" \/><\/figure>\n<\/div>\n\n\n<!--more-->\n\n\n\n<div style=\"height:30px\" aria-hidden=\"true\" class=\"wp-block-spacer\"><\/div>\n\n\n\n<hr class=\"wp-block-separator has-alpha-channel-opacity\"\/>\n\n\n\n<p><strong>Hogyan \u00e1llt \u00f6ssze ez a folyamat?<\/strong><\/p>\n\n\n\n<p>A program sor\u00e1n t\u00f6bb feladatot is el fogunk v\u00e9gezni. Ezek bev\u00e1lt \u00f6nismereti eszk\u00f6z\u00f6k, amiket a saj\u00e1t tapasztalataim alapj\u00e1n, kisebb-nagyobb m\u00f3dos\u00edt\u00e1sokkal a saj\u00e1t m\u00f3dszeremhez igaz\u00edtottam.<\/p>\n\n\n\n<p>Amikor \u00e9n el\u0151sz\u00f6r tal\u00e1lkoztam ezekkel \u2013 nem kliensk\u00e9nt, hanem a saj\u00e1t folyamatomban \u2013 el\u00e9g egy\u00e9rtelm\u0171 dolgok rajzol\u00f3dtak ki.<\/p>\n\n\n\n<p>A csal\u00e1dommal nem volt szoros a kapcsolatom, m\u00edg a bar\u00e1taimmal igen, de sokszor magamat h\u00e1tt\u00e9rbe helyeztem. Egyik kapcsolatom sem volt igaz\u00e1n egyenrang\u00fa. Ink\u00e1bb egy eltol\u00f3dott hierarchia volt jelen benn\u00fck.<\/p>\n\n\n\n<p>A munka akkoriban sokkal hangs\u00falyosabb volt az \u00e9letemben, \u00e9s az ott felmer\u00fcl\u0151 probl\u00e9m\u00e1k \u00e9s a hozz\u00e1juk kapcsol\u00f3d\u00f3 \u00e9rz\u00e9sek uralt\u00e1k a mindennapjaimat.<\/p>\n\n\n\n<p>Az itt \u00e9rkezett felismer\u00e9sek seg\u00edts\u00e9get adtak nekem, hogy mire f\u00f3kusz\u00e1ljak els\u0151k\u00e9nt, min v\u00e1ltoztassak, \u00e9s hogyan haladjak a folyamatban.<\/p>\n\n\n\n<p>Amikor elkezdtem ezt a programot ki\u00e9p\u00edteni \u00e9s gyakorolni, \u00e9rdekes visszajelz\u00e9seket kaptam. Voltak, akik els\u0151re t\u00fal soknak \u00e9rezt\u00e9k egyszerre, \u00e9s p\u00e1nikolni kezdtek, hogy ennyi mindennel gond van. \u00c9s volt, aki hi\u00e1ba l\u00e1tta a k\u00e9pet, amit \u0151 maga v\u00e1zolt fel, nem tudta \u00e9rtelmezni \u00e9s elfogadni.<\/p>\n\n\n\n<div style=\"height:30px\" aria-hidden=\"true\" class=\"wp-block-spacer\"><\/div>\n\n\n\n<h4 class=\"wp-block-heading\"><strong>A program sor\u00e1n ezekre keress\u00fck a v\u00e1laszokat:<\/strong><\/h4>\n\n\n\n<p><br>\u2013 hogyan vagy jelen a kapcsolataidban<br>\u2013 mik a f\u0151 probl\u00e9m\u00e1k jelenleg az \u00e9letedben<br>\u2013 milyen mint\u00e1k ment\u00e9n m\u0171k\u00f6dsz<\/p>\n\n\n\n<p>A c\u00e9l, hogy \u00e1tfog\u00f3 k\u00e9pet kapj magadr\u00f3l \u00e9s a m\u0171k\u00f6d\u00e9sedr\u0151l. Meg\u00e9rtsd a saj\u00e1t mint\u00e1idat \u00e9s elfogadd azokat. Ha ezek megvannak, megjelenik az is, hol \u00e9rdemes elkezdeni a v\u00e1ltoztat\u00e1st.<\/p>\n\n\n\n<div style=\"height:30px\" aria-hidden=\"true\" class=\"wp-block-spacer\"><\/div>\n\n\n\n<p>Ez egy r\u00f6vid, f\u00f3kusz\u00e1lt folyamat.<br>Nem hossz\u00fa ter\u00e1pia, nem fog mindenre megold\u00e1st adni.<br>Nem m\u00e9ly trauma feldolgoz\u00e1s.<\/p>\n\n\n\n<p><strong>Ez egy kiindul\u00f3pont, amihez b\u00e1rmikor visszat\u00e9rhetsz.<\/strong><\/p>\n\n\n\n<div style=\"height:30px\" aria-hidden=\"true\" class=\"wp-block-spacer\"><\/div>\n\n\n\n<p>Ha magadra ismert\u00e9l, \u00e9s szeretn\u00e9d ezt nem csak \u00e1tl\u00e1tni, hanem el is kezdeni benne a v\u00e1ltoztat\u00e1st, itt tal\u00e1lod a 3 alkalmas program r\u00e9szleteit:<\/p>\n\n\n\n<div class=\"wp-block-buttons is-content-justification-center is-layout-flex wp-container-core-buttons-is-layout-16018d1d wp-block-buttons-is-layout-flex\">\n<div class=\"wp-block-button\"><a class=\"wp-block-button__link has-black-color has-cyan-bluish-gray-background-color has-text-color has-background has-link-color wp-element-button\" href=\"https:\/\/rejtettenunk.hu\/?page_id=423\">Kapcsol\u00f3dj jobban program r\u00e9szletei <\/a><\/div>\n<\/div>\n\n\n\n<div style=\"height:40px\" aria-hidden=\"true\" class=\"wp-block-spacer\"><\/div>\n\n\n\n<p>Tov\u00e1bbi cikkek a kapcsolati mint\u00e1kr\u00f3l: <\/p>\n\n\n\n<figure class=\"wp-block-embed is-type-wp-embed is-provider-rejtettenunk-hu wp-block-embed-rejtettenunk-hu\"><div class=\"wp-block-embed__wrapper\">\n<blockquote class=\"wp-embedded-content\" data-secret=\"frv3EohFPT\"><a href=\"https:\/\/rejtettenunk.hu\/?p=539\">Kapcsolatok \u00e9s ism\u00e9tl\u0151d\u0151 mint\u00e1k \u2013 mi\u00e9rt tal\u00e1ljuk magunkat ugyanazokban a helyzetekben?<\/a><\/blockquote><iframe loading=\"lazy\" class=\"wp-embedded-content\" sandbox=\"allow-scripts\" security=\"restricted\" style=\"position: absolute; visibility: hidden;\" title=\"&#8220;Kapcsolatok \u00e9s ism\u00e9tl\u0151d\u0151 mint\u00e1k \u2013 mi\u00e9rt tal\u00e1ljuk magunkat ugyanazokban a helyzetekben?&#8221; &#8212; rejtettenunk.hu\" src=\"https:\/\/rejtettenunk.hu\/?p=539&#038;embed=true#?secret=wFjvrClcYD#?secret=frv3EohFPT\" data-secret=\"frv3EohFPT\" width=\"600\" height=\"338\" frameborder=\"0\" marginwidth=\"0\" marginheight=\"0\" scrolling=\"no\"><\/iframe>\n<\/div><\/figure>\n\n\n\n<figure class=\"wp-block-embed is-type-wp-embed is-provider-rejtettenunk-hu wp-block-embed-rejtettenunk-hu\"><div class=\"wp-block-embed__wrapper\">\n<blockquote class=\"wp-embedded-content\" data-secret=\"TA3xirsFUG\"><a href=\"https:\/\/rejtettenunk.hu\/?p=552\">Kapcsolatok \u00e9s ism\u00e9tl\u0151d\u0151 mint\u00e1k: hogyan jelennek meg ezek a mint\u00e1k a mindennapi helyzetekben?<\/a><\/blockquote><iframe loading=\"lazy\" class=\"wp-embedded-content\" sandbox=\"allow-scripts\" security=\"restricted\" style=\"position: absolute; visibility: hidden;\" title=\"&#8220;Kapcsolatok \u00e9s ism\u00e9tl\u0151d\u0151 mint\u00e1k: hogyan jelennek meg ezek a mint\u00e1k a mindennapi helyzetekben?&#8221; &#8212; rejtettenunk.hu\" src=\"https:\/\/rejtettenunk.hu\/?p=552&#038;embed=true#?secret=lTjhdlYZFw#?secret=TA3xirsFUG\" data-secret=\"TA3xirsFUG\" width=\"600\" height=\"338\" frameborder=\"0\" marginwidth=\"0\" marginheight=\"0\" scrolling=\"no\"><\/iframe>\n<\/div><\/figure>\n","protected":false},"excerpt":{"rendered":"<p>Volt m\u00e1r, hogy egy kapcsolatban azt \u00e9rezted, megint ugyanoda jutott\u00e1l?Hogy hi\u00e1ba m\u00e1s az ember, a helyzet m\u00e9gis ismer\u0151s? Az elm\u00falt hetekben sokat \u00edrtam arr\u00f3l, hogy a kapcsolati mint\u00e1k hogyan ism\u00e9tl\u0151dnek, \u00e9s hogyan jelennek meg a mindennapi helyzetekben.Most szeretn\u00e9k egy l\u00e9p\u00e9ssel tov\u00e1bb menni. Mert a k\u00e9rd\u00e9s nem csak az, hogy mi ism\u00e9tl\u0151dik, hanem az is, hogy lehet-e ezen egy\u00e1ltal\u00e1n v\u00e1ltoztatni. A r\u00f6vid v\u00e1lasz: igen.Az els\u0151 l\u00e9p\u00e9s ennek felismer\u00e9se. Ebben seg\u00edthet neked a Kapcsol\u00f3dj jobban 3 alkalmas program.<\/p>\n","protected":false},"author":1,"featured_media":0,"comment_status":"open","ping_status":"open","sticky":false,"template":"","format":"standard","meta":{"_monsterinsights_skip_tracking":false,"_monsterinsights_sitenote_active":false,"_monsterinsights_sitenote_note":"","_monsterinsights_sitenote_category":0,"footnotes":""},"categories":[5],"tags":[],"class_list":["post-572","post","type-post","status-publish","format-standard","hentry","category-blog"],"aioseo_notices":[],"_links":{"self":[{"href":"https:\/\/rejtettenunk.hu\/index.php?rest_route=\/wp\/v2\/posts\/572","targetHints":{"allow":["GET"]}}],"collection":[{"href":"https:\/\/rejtettenunk.hu\/index.php?rest_route=\/wp\/v2\/posts"}],"about":[{"href":"https:\/\/rejtettenunk.hu\/index.php?rest_route=\/wp\/v2\/types\/post"}],"author":[{"embeddable":true,"href":"https:\/\/rejtettenunk.hu\/index.php?rest_route=\/wp\/v2\/users\/1"}],"replies":[{"embeddable":true,"href":"https:\/\/rejtettenunk.hu\/index.php?rest_route=%2Fwp%2Fv2%2Fcomments&post=572"}],"version-history":[{"count":4,"href":"https:\/\/rejtettenunk.hu\/index.php?rest_route=\/wp\/v2\/posts\/572\/revisions"}],"predecessor-version":[{"id":577,"href":"https:\/\/rejtettenunk.hu\/index.php?rest_route=\/wp\/v2\/posts\/572\/revisions\/577"}],"wp:attachment":[{"href":"https:\/\/rejtettenunk.hu\/index.php?rest_route=%2Fwp%2Fv2%2Fmedia&parent=572"}],"wp:term":[{"taxonomy":"category","embeddable":true,"href":"https:\/\/rejtettenunk.hu\/index.php?rest_route=%2Fwp%2Fv2%2Fcategories&post=572"},{"taxonomy":"post_tag","embeddable":true,"href":"https:\/\/rejtettenunk.hu\/index.php?rest_route=%2Fwp%2Fv2%2Ftags&post=572"}],"curies":[{"name":"wp","href":"https:\/\/api.w.org\/{rel}","templated":true}]}}